{"id":75940,"date":"2025-04-22T07:06:08","date_gmt":"2025-04-22T11:06:08","guid":{"rendered":"https:\/\/jms.com.bo\/mediamonitor\/2025\/04\/22\/tse-empadrona-a-bolivianos-en-47-ciudades-del-mundo-para-las-elecciones-de-agosto\/"},"modified":"2025-04-22T07:06:08","modified_gmt":"2025-04-22T11:06:08","slug":"tse-empadrona-a-bolivianos-en-47-ciudades-del-mundo-para-las-elecciones-de-agosto","status":"publish","type":"post","link":"https:\/\/jms.com.bo\/mediamonitor\/2025\/04\/22\/tse-empadrona-a-bolivianos-en-47-ciudades-del-mundo-para-las-elecciones-de-agosto\/","title":{"rendered":"TSE empadrona a bolivianos en 47 ciudades del mundo para las elecciones de agosto"},"content":{"rendered":"<p style=\"text-align: justify;\">\u00a0En 47 ciudades de 14 pa\u00edses del mundo est\u00e1 en marcha el empadronamiento masivo de los bolivianos que participar\u00e1n de las elecciones generales del 17 de agosto, inform\u00f3 el Tribunal Supremo Electoral (TSE).<\/p>\n<p style=\"text-align: justify;\">El empadronamiento est\u00e1 abierto en 14 ciudades de Argentina, en 7 de Espa\u00f1a, en 5 de Chile, en 5 de Estados Unidos, en 4 de Brasil, en 3 de Italia, en 2 de Per\u00fa, en 1 de M\u00e9xico, en 1 de Paraguay, en 1 de Francia, en 1 de Gran Breta\u00f1a, en 1 de Suecia (1), en 1 de Suiza y en 1 ciudad de Jap\u00f3n.<\/p>\n<p style=\"text-align: justify;\">El empadronamiento en Argentina se realiza en el Consulado General de Bolivia en Buenos Aires y en los consulados en Comodoro Rivadavia, en C\u00f3rdoba, en La Quiaca, en Mendoza, en Profesor Salvador Mazza (Pocitos), en Rosario, en Salta, en San Ram\u00f3n de la Nueva Or\u00e1n, en San Salvador de Jujuy y en Viedma.<\/p>\n<p style=\"text-align: justify;\">Adem\u00e1s de los viceconsulados de Bolivia en Argentina en La Matanza, La Plata y Pilar.<\/p>\n<p style=\"text-align: justify;\">En Espa\u00f1a se habilitaron puntos de registro en el Consulado General y Centro Emisor de Documentos, en los consulados en Barcelona, Bilbao, Granada, Murcia, Sevilla y Valencia.<\/p>\n<p style=\"text-align: justify;\">En Chile est\u00e1 en los consulados en Antofagasta, Arica, Calama, Iquique y Santiago; en Estados Unidos en el Consulado General en Washington D. C. y en los consulados en Houston, Los \u00c1ngeles, Miami y Nueva York.<\/p>\n<p style=\"text-align: justify;\">Mientras en Brasil est\u00e1n en los consulados en Corumb\u00e1, Guajar\u00e1-Mirim, R\u00edo de Janeiro y S\u00e3o Paulo. En Italia el empadronamiento se realiza en las legaciones en las ciudades de Mil\u00e1n, Roma y B\u00e9rgamo; y en Per\u00fa, en los consulados en Lima y Puno.<\/p>\n<p style=\"text-align: justify;\">Los connacionales residentes en M\u00e9xico pueden acudir para empadronarse a la embajada boliviana, al igual que en Paraguay, en Suecia (Estocolmo) y en Jap\u00f3n (Tokio); mientras que en Suiza el registro se efect\u00faa en el consulado en Ginebra.<\/p>\n<p style=\"text-align: justify;\">Para registrase en el padr\u00f3n, los bolivianos solo deben presentar el pasaporte.<\/p>\n<p style=\"text-align: justify;\">Esta labor se\u00a0realizar\u00e1\u00a0hasta el 7 de mayo.<\/p>\n<p style=\"text-align: justify;\">En elecciones generales, los bolivianos que residen en el exterior s\u00f3lo votan para elegir al presidente y vicepresidente.<\/p>\n","protected":false},"excerpt":{"rendered":"<p>\u00a0En 47 ciudades de 14 pa\u00edses del mundo est\u00e1 en marcha el empadronamiento masivo de los bolivianos que participar\u00e1n de las elecciones generales del 17 de agosto, inform\u00f3 el Tribunal Supremo Electoral (TSE). El empadronamiento est\u00e1 abierto en 14 ciudades de Argentina, en 7 de Espa\u00f1a, en 5 de Chile, en 5 de Estados Unidos, [&hellip;]<\/p>\n","protected":false},"author":2,"featured_media":75941,"comment_status":"closed","ping_status":"open","sticky":false,"template":"","format":"standard","meta":{"footnotes":""},"categories":[18,48,46],"tags":[],"class_list":{"0":"post-75940","1":"post","2":"type-post","3":"status-publish","4":"format-standard","5":"has-post-thumbnail","7":"category-politica","8":"category-portada-general-sitio","9":"category-portada-politica"},"_links":{"self":[{"href":"https:\/\/jms.com.bo\/mediamonitor\/wp-json\/wp\/v2\/posts\/75940","targetHints":{"allow":["GET"]}}],"collection":[{"href":"https:\/\/jms.com.bo\/mediamonitor\/wp-json\/wp\/v2\/posts"}],"about":[{"href":"https:\/\/jms.com.bo\/mediamonitor\/wp-json\/wp\/v2\/types\/post"}],"author":[{"embeddable":true,"href":"https:\/\/jms.com.bo\/mediamonitor\/wp-json\/wp\/v2\/users\/2"}],"replies":[{"embeddable":true,"href":"https:\/\/jms.com.bo\/mediamonitor\/wp-json\/wp\/v2\/comments?post=75940"}],"version-history":[{"count":0,"href":"https:\/\/jms.com.bo\/mediamonitor\/wp-json\/wp\/v2\/posts\/75940\/revisions"}],"wp:featuredmedia":[{"embeddable":true,"href":"https:\/\/jms.com.bo\/mediamonitor\/wp-json\/wp\/v2\/media\/75941"}],"wp:attachment":[{"href":"https:\/\/jms.com.bo\/mediamonitor\/wp-json\/wp\/v2\/media?parent=75940"}],"wp:term":[{"taxonomy":"category","embeddable":true,"href":"https:\/\/jms.com.bo\/mediamonitor\/wp-json\/wp\/v2\/categories?post=75940"},{"taxonomy":"post_tag","embeddable":true,"href":"https:\/\/jms.com.bo\/mediamonitor\/wp-json\/wp\/v2\/tags?post=75940"}],"curies":[{"name":"wp","href":"https:\/\/api.w.org\/{rel}","templated":true}]}}