{"id":75958,"date":"2025-04-22T07:44:11","date_gmt":"2025-04-22T11:44:11","guid":{"rendered":"https:\/\/jms.com.bo\/mediamonitor\/2025\/04\/22\/hidrocarburos-y-cob-acuerdan-impulsar-proyectos-energeticos\/"},"modified":"2025-04-22T07:44:11","modified_gmt":"2025-04-22T11:44:11","slug":"hidrocarburos-y-cob-acuerdan-impulsar-proyectos-energeticos","status":"publish","type":"post","link":"https:\/\/jms.com.bo\/mediamonitor\/2025\/04\/22\/hidrocarburos-y-cob-acuerdan-impulsar-proyectos-energeticos\/","title":{"rendered":"Hidrocarburos y COB acuerdan impulsar proyectos energ\u00e9ticos"},"content":{"rendered":"<p style=\"text-align: justify;\">Autoridades del Ministerio de Hidrocarburos y Energ\u00edas, y dirigentes de la Central Obrera Boliviana (COB) firmaron un acta de compromiso para impulsar los proyectos energ\u00e9ticos entregados y los que est\u00e1n en ejecuci\u00f3n.<\/p>\n<p style=\"text-align: justify;\">El acuerdo tambi\u00e9n reconoce los avances alcanzados en el marco de la pol\u00edtica energ\u00e9tica nacional.<\/p>\n<p style=\"text-align: justify;\">Seg\u00fan un reporte institucional, el encuentro es parte de la negociaci\u00f3n del pliego petitorio de los trabajadores y del trabajo de la Comisi\u00f3n Productiva, espec\u00edficamente en la Subcomisi\u00f3n de Recursos Naturales y Desarrollo. Se abord\u00f3 temas estrat\u00e9gicos del sector energ\u00e9tico.<\/p>\n<p style=\"text-align: justify;\">Durante la reuni\u00f3n, los dirigentes de la COB realizaron diversas consultas sobre la gesti\u00f3n del ministerio en proyectos destinados al desarrollo del pa\u00eds y su impacto en la vida de las familias bolivianas. En respuesta, los viceministros del \u00e1rea brindaron un informe detallado sobre las iniciativas en curso en los sectores hidrocarbur\u00edfero, el\u00e9ctrico y evapor\u00edtico.<\/p>\n<p style=\"text-align: justify;\">El viceministro de Planificaci\u00f3n de Desarrollo Energ\u00e9tico, Fredy Vel\u00e1squez, destac\u00f3 que Bolivia avanza hacia la transici\u00f3n energ\u00e9tica con una firme apuesta por las energ\u00edas renovables y la industrializaci\u00f3n de sus recursos naturales.<\/p>\n<p style=\"text-align: justify;\">\u201cHemos compartido con la COB los avances concretos de proyectos clave que fortalecen nuestra soberan\u00eda energ\u00e9tica y productiva\u201d, explic\u00f3.<\/p>\n<p style=\"text-align: justify;\">En el encuentro tambi\u00e9n se acord\u00f3 llevar adelante un proceso de socializaci\u00f3n con los representantes de la COB, para brindar informaci\u00f3n sobre los avances, alcances y beneficios de los proyectos del sector de hidrocarburos y energ\u00edas.<\/p>\n<p style=\"text-align: justify;\">Como parte de este proceso, se programar\u00e1n visitas in situ a las principales obras y operaciones en ejecuci\u00f3n, en el marco de una agenda consensuada entre ambas partes. Estas actividades permitir\u00e1n fortalecer la transparencia, el di\u00e1logo y el seguimiento conjunto a las pol\u00edticas energ\u00e9ticas.<\/p>\n","protected":false},"excerpt":{"rendered":"<p>Autoridades del Ministerio de Hidrocarburos y Energ\u00edas, y dirigentes de la Central Obrera Boliviana (COB) firmaron un acta de compromiso para impulsar los proyectos energ\u00e9ticos entregados y los que est\u00e1n en ejecuci\u00f3n. El acuerdo tambi\u00e9n reconoce los avances alcanzados en el marco de la pol\u00edtica energ\u00e9tica nacional. Seg\u00fan un reporte institucional, el encuentro es parte [&hellip;]<\/p>\n","protected":false},"author":2,"featured_media":5385,"comment_status":"closed","ping_status":"open","sticky":false,"template":"","format":"standard","meta":{"footnotes":""},"categories":[48,43],"tags":[],"class_list":{"0":"post-75958","1":"post","2":"type-post","3":"status-publish","4":"format-standard","5":"has-post-thumbnail","7":"category-portada-general-sitio","8":"category-portada-oil-gas"},"_links":{"self":[{"href":"https:\/\/jms.com.bo\/mediamonitor\/wp-json\/wp\/v2\/posts\/75958","targetHints":{"allow":["GET"]}}],"collection":[{"href":"https:\/\/jms.com.bo\/mediamonitor\/wp-json\/wp\/v2\/posts"}],"about":[{"href":"https:\/\/jms.com.bo\/mediamonitor\/wp-json\/wp\/v2\/types\/post"}],"author":[{"embeddable":true,"href":"https:\/\/jms.com.bo\/mediamonitor\/wp-json\/wp\/v2\/users\/2"}],"replies":[{"embeddable":true,"href":"https:\/\/jms.com.bo\/mediamonitor\/wp-json\/wp\/v2\/comments?post=75958"}],"version-history":[{"count":0,"href":"https:\/\/jms.com.bo\/mediamonitor\/wp-json\/wp\/v2\/posts\/75958\/revisions"}],"wp:featuredmedia":[{"embeddable":true,"href":"https:\/\/jms.com.bo\/mediamonitor\/wp-json\/wp\/v2\/media\/5385"}],"wp:attachment":[{"href":"https:\/\/jms.com.bo\/mediamonitor\/wp-json\/wp\/v2\/media?parent=75958"}],"wp:term":[{"taxonomy":"category","embeddable":true,"href":"https:\/\/jms.com.bo\/mediamonitor\/wp-json\/wp\/v2\/categories?post=75958"},{"taxonomy":"post_tag","embeddable":true,"href":"https:\/\/jms.com.bo\/mediamonitor\/wp-json\/wp\/v2\/tags?post=75958"}],"curies":[{"name":"wp","href":"https:\/\/api.w.org\/{rel}","templated":true}]}}