{"id":75959,"date":"2025-04-23T06:56:21","date_gmt":"2025-04-23T10:56:21","guid":{"rendered":"https:\/\/jms.com.bo\/mediamonitor\/2025\/04\/23\/crisis-en-salud-fedjuve-reclama-items-y-mejor-atencion-medica\/"},"modified":"2025-04-23T06:56:21","modified_gmt":"2025-04-23T10:56:21","slug":"crisis-en-salud-fedjuve-reclama-items-y-mejor-atencion-medica","status":"publish","type":"post","link":"https:\/\/jms.com.bo\/mediamonitor\/2025\/04\/23\/crisis-en-salud-fedjuve-reclama-items-y-mejor-atencion-medica\/","title":{"rendered":"Crisis en salud: Fedjuve reclama \u00edtems y mejor atenci\u00f3n m\u00e9dica"},"content":{"rendered":"<p style=\"text-align: justify;\">La Federaci\u00f3n Departamental de Juntas Vecinales (Fedjuve) ha solicitado una reuni\u00f3n al Servicio Departamental de Salud (Sedes), el objetivo de este encuentro es exigir soluciones a los \u00edtems de salud para los establecimientos de primer y segundo nivel, adem\u00e1s de abordar la cr\u00edtica situaci\u00f3n del Hospital Regional San Juan de Dios (HRSJD) que se encuentra en el ojo de la tormenta por malas atenciones y denuncias por mala praxis.<\/p>\n<p style=\"text-align: justify;\">El presidente de la Fedjuve, Celestino Barro, record\u00f3 que ya se ha pedido una reuni\u00f3n al gobernador Oscar Montes para abordar c\u00f3mo se dar\u00e1 soluci\u00f3n a la demanda de \u00edtems. En esa l\u00ednea, tambi\u00e9n ha instado a los asamble\u00edstas para que puedan realizar los ajustes econ\u00f3micos respectivos, entre ellos, bajarse los sueldos, para que ese excedente vaya a cubrir los gastos en salud.<\/p>\n<p style=\"text-align: justify;\">\u201cNosotros como Fedjuve estamos preocupados por esto, estamos pidiendo una reuni\u00f3n con el Sedes para que nos informe detalladamente esto, y tambi\u00e9n ver el tema del HRSJD, las atenciones que se est\u00e1n haciendo, mucha gente est\u00e1 yendo a hacerse atender, pero lamentablemente no est\u00e1n siendo atendidas como debe ser\u201d, expuso.<\/p>\n<p style=\"text-align: justify;\">Barro se\u00f1al\u00f3 que la ausencia de personal m\u00e9dico en algunos establecimientos de salud es evidente, ya que no han sido recontratados y esto ha ocasionado que en las postas (establecimientos de primero nivel) haya fila desde las 03.00 de la madrugada para poder sacar una ficha de atenci\u00f3n m\u00e9dica.<\/p>\n<p style=\"text-align: justify;\">\u201cLamentablemente, el no tener personal, hace que se tenga que volver al otro d\u00eda y seg\u00fan la Ley SAFCI, se tiene que sacar la derivaci\u00f3n del hospital de primer nivel para reci\u00e9n ser atendido en el segundo o hospital de tercer nivel\u201d, mencion\u00f3.<\/p>\n<p style=\"text-align: justify;\">Asimismo, Barro lament\u00f3 lo que sucede en el Hospital Virgen de Guadalupe de Carapar\u00ed, en donde se ha realizado el retiro de personal calificado, haciendo referencia que son 13 \u00edtems que han quedado ac\u00e9falos en dicho establecimiento.<\/p>\n<p style=\"text-align: justify;\">Sin embargo, el gobernador, Oscar Montes, ha vuelto a se\u00f1alar que el Gobierno Departamental ya no est\u00e1 en condiciones de seguir financiando competencias que son de los municipios y del nivel central del Estado, ya que no cuenta con recursos econ\u00f3micos.<\/p>\n<p style=\"text-align: justify;\">La autoridad reiter\u00f3 que, de los 240 millones de bolivianos que recibe anualmente la Gobernaci\u00f3n, 100 millones se destinan al pago de deudas, 60 millones al funcionamiento institucional y 45 millones a seguros, al Sedeges y otros programas. Solo quedan entre 35 y 40 millones para financiar m\u00e1s de 90 leyes sociales que requieren en total 440 millones de bolivianos.<\/p>\n<p style=\"text-align: justify;\">Montes refiri\u00f3 que cuando la Gobernaci\u00f3n asumi\u00f3 estas responsabilidades, era \u00e9poca de bonanza, ya que en el interinato de Lino Condori se recib\u00eda 160 millones de bolivianos mensuales, mientras que ahora apenas llegan 20 millones.<\/p>\n","protected":false},"excerpt":{"rendered":"<p>La Federaci\u00f3n Departamental de Juntas Vecinales (Fedjuve) ha solicitado una reuni\u00f3n al Servicio Departamental de Salud (Sedes), el objetivo de este encuentro es exigir soluciones a los \u00edtems de salud para los establecimientos de primer y segundo nivel, adem\u00e1s de abordar la cr\u00edtica situaci\u00f3n del Hospital Regional San Juan de Dios (HRSJD) que se encuentra [&hellip;]<\/p>\n","protected":false},"author":2,"featured_media":75960,"comment_status":"closed","ping_status":"open","sticky":false,"template":"","format":"standard","meta":{"footnotes":""},"categories":[53],"tags":[],"class_list":{"0":"post-75959","1":"post","2":"type-post","3":"status-publish","4":"format-standard","5":"has-post-thumbnail","7":"category-salud"},"_links":{"self":[{"href":"https:\/\/jms.com.bo\/mediamonitor\/wp-json\/wp\/v2\/posts\/75959","targetHints":{"allow":["GET"]}}],"collection":[{"href":"https:\/\/jms.com.bo\/mediamonitor\/wp-json\/wp\/v2\/posts"}],"about":[{"href":"https:\/\/jms.com.bo\/mediamonitor\/wp-json\/wp\/v2\/types\/post"}],"author":[{"embeddable":true,"href":"https:\/\/jms.com.bo\/mediamonitor\/wp-json\/wp\/v2\/users\/2"}],"replies":[{"embeddable":true,"href":"https:\/\/jms.com.bo\/mediamonitor\/wp-json\/wp\/v2\/comments?post=75959"}],"version-history":[{"count":0,"href":"https:\/\/jms.com.bo\/mediamonitor\/wp-json\/wp\/v2\/posts\/75959\/revisions"}],"wp:featuredmedia":[{"embeddable":true,"href":"https:\/\/jms.com.bo\/mediamonitor\/wp-json\/wp\/v2\/media\/75960"}],"wp:attachment":[{"href":"https:\/\/jms.com.bo\/mediamonitor\/wp-json\/wp\/v2\/media?parent=75959"}],"wp:term":[{"taxonomy":"category","embeddable":true,"href":"https:\/\/jms.com.bo\/mediamonitor\/wp-json\/wp\/v2\/categories?post=75959"},{"taxonomy":"post_tag","embeddable":true,"href":"https:\/\/jms.com.bo\/mediamonitor\/wp-json\/wp\/v2\/tags?post=75959"}],"curies":[{"name":"wp","href":"https:\/\/api.w.org\/{rel}","templated":true}]}}