{"id":75963,"date":"2025-04-23T07:00:40","date_gmt":"2025-04-23T11:00:40","guid":{"rendered":"https:\/\/jms.com.bo\/mediamonitor\/2025\/04\/23\/senamhi-pronostica-bajas-temperaturas-y-heladas-nacional\/"},"modified":"2025-04-23T07:00:40","modified_gmt":"2025-04-23T11:00:40","slug":"senamhi-pronostica-bajas-temperaturas-y-heladas-nacional","status":"publish","type":"post","link":"https:\/\/jms.com.bo\/mediamonitor\/2025\/04\/23\/senamhi-pronostica-bajas-temperaturas-y-heladas-nacional\/","title":{"rendered":"Senamhi pronostica bajas temperaturas y heladas NACIONAL"},"content":{"rendered":"<p style=\"text-align: justify;\">El Servicio Nacional de Meteorolog\u00eda e Hidrolog\u00eda (Senamhi) pronostic\u00f3 este martes descenso de temperaturas y heladas en los departamentos de La Paz, Oruro y Potos\u00ed.<\/p>\n<p style=\"text-align: justify;\">\u201cRecordemos que estamos en una faceta de transici\u00f3n, estamos pasando del periodo h\u00famedo al seco. Todav\u00eda se presentan algunas precipitaciones, pero tambi\u00e9n comienzan a disminuir las temperaturas m\u00ednimas registradas en horas de la ma\u00f1ana en sectores del Altiplano, principalmente en La Paz, Oruro y Potos\u00ed\u201d, inform\u00f3 Kenny Quisbert, pronosticador de Senamhi, en una entrevista con Bolivia Tv.<\/p>\n<p style=\"text-align: justify;\">Record\u00f3 la vigencia del aviso de emergencia de car\u00e1cter hidrol\u00f3gico y prioridad Naranja, hasta de 24 de abril, por desborde de cuencas y diferentes r\u00edos que est\u00e1n distribuidos en el territorio nacional, a excepci\u00f3n del departamento de Tarija.<\/p>\n","protected":false},"excerpt":{"rendered":"<p>El Servicio Nacional de Meteorolog\u00eda e Hidrolog\u00eda (Senamhi) pronostic\u00f3 este martes descenso de temperaturas y heladas en los departamentos de La Paz, Oruro y Potos\u00ed. \u201cRecordemos que estamos en una faceta de transici\u00f3n, estamos pasando del periodo h\u00famedo al seco. Todav\u00eda se presentan algunas precipitaciones, pero tambi\u00e9n comienzan a disminuir las temperaturas m\u00ednimas registradas en [&hellip;]<\/p>\n","protected":false},"author":2,"featured_media":75964,"comment_status":"closed","ping_status":"open","sticky":false,"template":"","format":"standard","meta":{"footnotes":""},"categories":[49],"tags":[],"class_list":{"0":"post-75963","1":"post","2":"type-post","3":"status-publish","4":"format-standard","5":"has-post-thumbnail","7":"category-social"},"_links":{"self":[{"href":"https:\/\/jms.com.bo\/mediamonitor\/wp-json\/wp\/v2\/posts\/75963","targetHints":{"allow":["GET"]}}],"collection":[{"href":"https:\/\/jms.com.bo\/mediamonitor\/wp-json\/wp\/v2\/posts"}],"about":[{"href":"https:\/\/jms.com.bo\/mediamonitor\/wp-json\/wp\/v2\/types\/post"}],"author":[{"embeddable":true,"href":"https:\/\/jms.com.bo\/mediamonitor\/wp-json\/wp\/v2\/users\/2"}],"replies":[{"embeddable":true,"href":"https:\/\/jms.com.bo\/mediamonitor\/wp-json\/wp\/v2\/comments?post=75963"}],"version-history":[{"count":0,"href":"https:\/\/jms.com.bo\/mediamonitor\/wp-json\/wp\/v2\/posts\/75963\/revisions"}],"wp:featuredmedia":[{"embeddable":true,"href":"https:\/\/jms.com.bo\/mediamonitor\/wp-json\/wp\/v2\/media\/75964"}],"wp:attachment":[{"href":"https:\/\/jms.com.bo\/mediamonitor\/wp-json\/wp\/v2\/media?parent=75963"}],"wp:term":[{"taxonomy":"category","embeddable":true,"href":"https:\/\/jms.com.bo\/mediamonitor\/wp-json\/wp\/v2\/categories?post=75963"},{"taxonomy":"post_tag","embeddable":true,"href":"https:\/\/jms.com.bo\/mediamonitor\/wp-json\/wp\/v2\/tags?post=75963"}],"curies":[{"name":"wp","href":"https:\/\/api.w.org\/{rel}","templated":true}]}}