{"id":75965,"date":"2025-04-23T07:03:56","date_gmt":"2025-04-23T11:03:56","guid":{"rendered":"https:\/\/jms.com.bo\/mediamonitor\/2025\/04\/23\/convocan-a-carniceros-a-dialogo-pero-sin-confirmar-asistencia-de-arce\/"},"modified":"2025-04-23T07:03:56","modified_gmt":"2025-04-23T11:03:56","slug":"convocan-a-carniceros-a-dialogo-pero-sin-confirmar-asistencia-de-arce","status":"publish","type":"post","link":"https:\/\/jms.com.bo\/mediamonitor\/2025\/04\/23\/convocan-a-carniceros-a-dialogo-pero-sin-confirmar-asistencia-de-arce\/","title":{"rendered":"Convocan a carniceros a di\u00e1logo, pero sin confirmar asistencia de Arce"},"content":{"rendered":"<p class=\"rtejustify\" style=\"text-align: justify;\">El Gobierno nacional convoc\u00f3 a un di\u00e1logo con los trabajadores del sector c\u00e1rnico para este jueves, con el objetivo de abordar los altos precios de la carne, que actualmente alcanzan hasta Bs 68 por kilo en algunos mercados. Sin embargo, no se confirm\u00f3 la presencia del presidente Luis Arce en el encuentro, pese a que el mandatario recibi\u00f3 la nota de demanda del sector.<\/p>\n<p class=\"rtejustify\" style=\"text-align: justify;\">En su lugar, la reuni\u00f3n contar\u00e1 con la participaci\u00f3n de tres ministros y cinco viceministros designados por el Ejecutivo para atender las preocupaciones del sector. Jorge Silva, viceministro de Defensa de los Derechos del Usuario y Consumidor, explic\u00f3 que se espera que la Confederaci\u00f3n Nacional de Trabajadores en Carne de Bolivia (Contracabol) acepte el di\u00e1logo en una asamblea previa.<\/p>\n<p class=\"rtejustify\" style=\"text-align: justify;\">Silva destac\u00f3 que el tema central ser\u00e1 el impacto del precio elevado de la carne en la econom\u00eda de las familias bolivianas. \u201cEsperemos que (los carniceros) acepten y podamos reunirnos el jueves para debatir este tema, que afecta directamente a la poblaci\u00f3n\u201d, afirm\u00f3.<\/p>\n<p class=\"rtejustify\" style=\"text-align: justify;\">La situaci\u00f3n ha generado tensiones adicionales en el sector ganadero, ya que la exportaci\u00f3n de carne de res sigue suspendida debido a los altos precios internos, una medida que ha causado malestar entre los productores.<\/p>\n<p class=\"rtejustify\" style=\"text-align: justify;\">El encuentro busca establecer acuerdos que permitan estabilizar el mercado interno sin perjudicar a los consumidores ni a los peque\u00f1os y medianos productores. Sin embargo, la ausencia del presidente Arce en la negociaci\u00f3n podr\u00eda ser un punto de debate, dada la presi\u00f3n p\u00fablica por una soluci\u00f3n r\u00e1pida.<\/p>\n","protected":false},"excerpt":{"rendered":"<p>El Gobierno nacional convoc\u00f3 a un di\u00e1logo con los trabajadores del sector c\u00e1rnico para este jueves, con el objetivo de abordar los altos precios de la carne, que actualmente alcanzan hasta Bs 68 por kilo en algunos mercados. Sin embargo, no se confirm\u00f3 la presencia del presidente Luis Arce en el encuentro, pese a que [&hellip;]<\/p>\n","protected":false},"author":2,"featured_media":75966,"comment_status":"closed","ping_status":"open","sticky":false,"template":"","format":"standard","meta":{"footnotes":""},"categories":[49],"tags":[],"class_list":{"0":"post-75965","1":"post","2":"type-post","3":"status-publish","4":"format-standard","5":"has-post-thumbnail","7":"category-social"},"_links":{"self":[{"href":"https:\/\/jms.com.bo\/mediamonitor\/wp-json\/wp\/v2\/posts\/75965","targetHints":{"allow":["GET"]}}],"collection":[{"href":"https:\/\/jms.com.bo\/mediamonitor\/wp-json\/wp\/v2\/posts"}],"about":[{"href":"https:\/\/jms.com.bo\/mediamonitor\/wp-json\/wp\/v2\/types\/post"}],"author":[{"embeddable":true,"href":"https:\/\/jms.com.bo\/mediamonitor\/wp-json\/wp\/v2\/users\/2"}],"replies":[{"embeddable":true,"href":"https:\/\/jms.com.bo\/mediamonitor\/wp-json\/wp\/v2\/comments?post=75965"}],"version-history":[{"count":0,"href":"https:\/\/jms.com.bo\/mediamonitor\/wp-json\/wp\/v2\/posts\/75965\/revisions"}],"wp:featuredmedia":[{"embeddable":true,"href":"https:\/\/jms.com.bo\/mediamonitor\/wp-json\/wp\/v2\/media\/75966"}],"wp:attachment":[{"href":"https:\/\/jms.com.bo\/mediamonitor\/wp-json\/wp\/v2\/media?parent=75965"}],"wp:term":[{"taxonomy":"category","embeddable":true,"href":"https:\/\/jms.com.bo\/mediamonitor\/wp-json\/wp\/v2\/categories?post=75965"},{"taxonomy":"post_tag","embeddable":true,"href":"https:\/\/jms.com.bo\/mediamonitor\/wp-json\/wp\/v2\/tags?post=75965"}],"curies":[{"name":"wp","href":"https:\/\/api.w.org\/{rel}","templated":true}]}}