{"id":75967,"date":"2025-04-23T07:05:35","date_gmt":"2025-04-23T11:05:35","guid":{"rendered":"https:\/\/jms.com.bo\/mediamonitor\/2025\/04\/23\/la-canob-del-pueblo-ayoreo-anuncia-bloqueo-de-carreteras-en-pugna-por-curul\/"},"modified":"2025-04-23T07:05:35","modified_gmt":"2025-04-23T11:05:35","slug":"la-canob-del-pueblo-ayoreo-anuncia-bloqueo-de-carreteras-en-pugna-por-curul","status":"publish","type":"post","link":"https:\/\/jms.com.bo\/mediamonitor\/2025\/04\/23\/la-canob-del-pueblo-ayoreo-anuncia-bloqueo-de-carreteras-en-pugna-por-curul\/","title":{"rendered":"La CANOB del pueblo ayoreo anuncia bloqueo de carreteras en pugna por curul"},"content":{"rendered":"<p style=\"text-align: justify;\">La Central Ayorea Nativa del Oriente Boliviano (Canob) anunci\u00f3 un paro indefinido con bloqueo de carreteras a partir de este jueves 24 de abril.<\/p>\n<p style=\"text-align: justify;\">Seg\u00fan el pronunciamiento p\u00fablico, la medida de presi\u00f3n comenzar\u00e1n a las cero horas del jueves, afectando puntos clave de la carretera bioce\u00e1nica en San Jos\u00e9 de Chiquitos, Taperas, Yacuses y Cuatro Ca\u00f1adas, inform\u00f3 radio Chiquitan\u00eda.<\/p>\n<p style=\"text-align: justify;\">La Canob exige la revocatoria del mandato de la asamble\u00edsta departamental del pueblo ayoreo Giliana Etacore, a quien se\u00f1alan de cometer supuestos hechos irregulares. Adem\u00e1s, reclaman una respuesta inmediata a las denuncias formales presentadas el pasado 30 de enero ante oficinas de transparencia del gobierno departamental.<\/p>\n<p style=\"text-align: justify;\">\u00abPor segunda vez vamos a bloquear las carreteras donde se encuentran nuestras comunidades. Estamos cansados de ser burla de las autoridades del Tribunal Departamental de Santa Cruz\u00bb, expresa el documento.<\/p>\n<p style=\"text-align: justify;\">El pliego petitorio tambi\u00e9n solicita una audiencia directa con los vocales del Tribunal Supremo Electoral (TSE) y demanda el fin de la supuesta intromisi\u00f3n de la CIDOB (Confederaci\u00f3n de Pueblos Ind\u00edgenas de Bolivia) en las decisiones internas del pueblo ayoreo.<\/p>\n<p style=\"text-align: justify;\">\u201cBasta de abuso e intromisi\u00f3n en nuestros derechos como naci\u00f3n ind\u00edgena. Exigimos respeto a nuestra autodeterminaci\u00f3n en la elecci\u00f3n de nuestras autoridades dentro de la Canob\u201d, concluye el documento.<\/p>\n","protected":false},"excerpt":{"rendered":"<p>La Central Ayorea Nativa del Oriente Boliviano (Canob) anunci\u00f3 un paro indefinido con bloqueo de carreteras a partir de este jueves 24 de abril. Seg\u00fan el pronunciamiento p\u00fablico, la medida de presi\u00f3n comenzar\u00e1n a las cero horas del jueves, afectando puntos clave de la carretera bioce\u00e1nica en San Jos\u00e9 de Chiquitos, Taperas, Yacuses y Cuatro [&hellip;]<\/p>\n","protected":false},"author":2,"featured_media":75968,"comment_status":"closed","ping_status":"open","sticky":false,"template":"","format":"standard","meta":{"footnotes":""},"categories":[49],"tags":[],"class_list":{"0":"post-75967","1":"post","2":"type-post","3":"status-publish","4":"format-standard","5":"has-post-thumbnail","7":"category-social"},"_links":{"self":[{"href":"https:\/\/jms.com.bo\/mediamonitor\/wp-json\/wp\/v2\/posts\/75967","targetHints":{"allow":["GET"]}}],"collection":[{"href":"https:\/\/jms.com.bo\/mediamonitor\/wp-json\/wp\/v2\/posts"}],"about":[{"href":"https:\/\/jms.com.bo\/mediamonitor\/wp-json\/wp\/v2\/types\/post"}],"author":[{"embeddable":true,"href":"https:\/\/jms.com.bo\/mediamonitor\/wp-json\/wp\/v2\/users\/2"}],"replies":[{"embeddable":true,"href":"https:\/\/jms.com.bo\/mediamonitor\/wp-json\/wp\/v2\/comments?post=75967"}],"version-history":[{"count":0,"href":"https:\/\/jms.com.bo\/mediamonitor\/wp-json\/wp\/v2\/posts\/75967\/revisions"}],"wp:featuredmedia":[{"embeddable":true,"href":"https:\/\/jms.com.bo\/mediamonitor\/wp-json\/wp\/v2\/media\/75968"}],"wp:attachment":[{"href":"https:\/\/jms.com.bo\/mediamonitor\/wp-json\/wp\/v2\/media?parent=75967"}],"wp:term":[{"taxonomy":"category","embeddable":true,"href":"https:\/\/jms.com.bo\/mediamonitor\/wp-json\/wp\/v2\/categories?post=75967"},{"taxonomy":"post_tag","embeddable":true,"href":"https:\/\/jms.com.bo\/mediamonitor\/wp-json\/wp\/v2\/tags?post=75967"}],"curies":[{"name":"wp","href":"https:\/\/api.w.org\/{rel}","templated":true}]}}