{"id":75969,"date":"2025-04-23T07:07:48","date_gmt":"2025-04-23T11:07:48","guid":{"rendered":"https:\/\/jms.com.bo\/mediamonitor\/2025\/04\/23\/indigenas-piden-cuidar-la-actividad-pesquera\/"},"modified":"2025-04-23T07:07:48","modified_gmt":"2025-04-23T11:07:48","slug":"indigenas-piden-cuidar-la-actividad-pesquera","status":"publish","type":"post","link":"https:\/\/jms.com.bo\/mediamonitor\/2025\/04\/23\/indigenas-piden-cuidar-la-actividad-pesquera\/","title":{"rendered":"Ind\u00edgenas piden cuidar la actividad pesquera"},"content":{"rendered":"<p style=\"text-align: justify;\">Francisco P\u00e9rez Nazario, capit\u00e1n grande del pueblo Weenhayek y presidente de la Asociaci\u00f3n de Pescadores de Villa Montes, expres\u00f3 su preocupaci\u00f3n por la situaci\u00f3n actual del r\u00edo Pilcomayo y el manejo de los recursos pesqueros en la regi\u00f3n chaque\u00f1a.<\/p>\n<p style=\"text-align: justify;\">Se\u00f1al\u00f3 que ya se han realizado los tres monitoreos necesarios para evaluar la llegada del cardumen y que, a pesar de los esfuerzos coordinados con t\u00e9cnicos y bi\u00f3logos, todav\u00eda no hay una respuesta clara de las autoridades departamentales.<\/p>\n<p style=\"text-align: justify;\">\u201cNosotros vamos a hacer el informe y enviar una nota a Tarija. Pedimos que se agilicen las acciones para levantar la veda\u201d, indic\u00f3 a Radio Aclo Chaco, resaltando que se est\u00e1n cumpliendo con todos los procedimientos establecidos.<\/p>\n<p style=\"text-align: justify;\">Adem\u00e1s del monitoreo, el l\u00edder ind\u00edgena llam\u00f3 a la conciencia de la poblaci\u00f3n sobre la pesca responsable. Explic\u00f3 que, debido al clima c\u00e1lido y la delicada condici\u00f3n del pescado (especialmente el sabalito), es importante que quienes pescan lo hagan solo para el consumo familiar, salvo que cuenten con compradores o medios de conservaci\u00f3n adecuados.<\/p>\n<p style=\"text-align: justify;\">\u00abPedimos que no se pesque en grandes cantidades si no hay congeladores o compradores. Se est\u00e1 perdiendo mucho pescado porque se descompone r\u00e1pidamente\u00bb, advirti\u00f3, mientras reafirmaba el compromiso del pueblo Weenhayek con la protecci\u00f3n del recurso y el medio ambiente.<\/p>\n","protected":false},"excerpt":{"rendered":"<p>Francisco P\u00e9rez Nazario, capit\u00e1n grande del pueblo Weenhayek y presidente de la Asociaci\u00f3n de Pescadores de Villa Montes, expres\u00f3 su preocupaci\u00f3n por la situaci\u00f3n actual del r\u00edo Pilcomayo y el manejo de los recursos pesqueros en la regi\u00f3n chaque\u00f1a. Se\u00f1al\u00f3 que ya se han realizado los tres monitoreos necesarios para evaluar la llegada del cardumen [&hellip;]<\/p>\n","protected":false},"author":2,"featured_media":75970,"comment_status":"closed","ping_status":"open","sticky":false,"template":"","format":"standard","meta":{"footnotes":""},"categories":[20],"tags":[],"class_list":{"0":"post-75969","1":"post","2":"type-post","3":"status-publish","4":"format-standard","5":"has-post-thumbnail","7":"category-actualidad"},"_links":{"self":[{"href":"https:\/\/jms.com.bo\/mediamonitor\/wp-json\/wp\/v2\/posts\/75969","targetHints":{"allow":["GET"]}}],"collection":[{"href":"https:\/\/jms.com.bo\/mediamonitor\/wp-json\/wp\/v2\/posts"}],"about":[{"href":"https:\/\/jms.com.bo\/mediamonitor\/wp-json\/wp\/v2\/types\/post"}],"author":[{"embeddable":true,"href":"https:\/\/jms.com.bo\/mediamonitor\/wp-json\/wp\/v2\/users\/2"}],"replies":[{"embeddable":true,"href":"https:\/\/jms.com.bo\/mediamonitor\/wp-json\/wp\/v2\/comments?post=75969"}],"version-history":[{"count":0,"href":"https:\/\/jms.com.bo\/mediamonitor\/wp-json\/wp\/v2\/posts\/75969\/revisions"}],"wp:featuredmedia":[{"embeddable":true,"href":"https:\/\/jms.com.bo\/mediamonitor\/wp-json\/wp\/v2\/media\/75970"}],"wp:attachment":[{"href":"https:\/\/jms.com.bo\/mediamonitor\/wp-json\/wp\/v2\/media?parent=75969"}],"wp:term":[{"taxonomy":"category","embeddable":true,"href":"https:\/\/jms.com.bo\/mediamonitor\/wp-json\/wp\/v2\/categories?post=75969"},{"taxonomy":"post_tag","embeddable":true,"href":"https:\/\/jms.com.bo\/mediamonitor\/wp-json\/wp\/v2\/tags?post=75969"}],"curies":[{"name":"wp","href":"https:\/\/api.w.org\/{rel}","templated":true}]}}