{"id":75975,"date":"2025-04-23T07:13:27","date_gmt":"2025-04-23T11:13:27","guid":{"rendered":"https:\/\/jms.com.bo\/mediamonitor\/2025\/04\/23\/justicia-argentina-reabre-el-caso-contra-evo-por-corrupcion-de-menores-de-edad\/"},"modified":"2025-04-23T07:13:27","modified_gmt":"2025-04-23T11:13:27","slug":"justicia-argentina-reabre-el-caso-contra-evo-por-corrupcion-de-menores-de-edad","status":"publish","type":"post","link":"https:\/\/jms.com.bo\/mediamonitor\/2025\/04\/23\/justicia-argentina-reabre-el-caso-contra-evo-por-corrupcion-de-menores-de-edad\/","title":{"rendered":"Justicia argentina reabre el caso contra Evo por corrupci\u00f3n de menores de edad"},"content":{"rendered":"<p style=\"text-align: justify;\">La justicia argentina determin\u00f3 reabrir el caso por corrupci\u00f3n de menores iniciado en contra del expresidente Evo Morales (2006-2019), luego de una apelaci\u00f3n, seg\u00fan confirm\u00f3 Jos\u00e9 Lucas Magioncalda, abogado de la Fundaci\u00f3n Apolo.<\/p>\n<p style=\"text-align: justify;\">\u00abContin\u00faa luego de que el juez de primera hab\u00eda desestimado. Apelamos y la C\u00e1mara orden\u00f3 que el archivo era prematuro y que hab\u00eda que avanzar en la investigaci\u00f3n. Adem\u00e1s, nos concedi\u00f3 la posibilidad de ser querellantes, de tal manera que ahora podemos ofrecer pruebas y controlar todo el proceso\u00bb, declar\u00f3 Magioncalda desde Buenos Aires, a El Deber.<\/p>\n<p style=\"text-align: justify;\">Tras la definici\u00f3n de la justicia, el jurista indic\u00f3 que la Fundaci\u00f3n est\u00e1 en una mejor posici\u00f3n para impulsar la investigaci\u00f3n contra el exmandatario boliviano, debido a que antes solo era denunciante, en cambio ahora es querellante.<\/p>\n<p style=\"text-align: justify;\">Seg\u00fan el abogado, una de las pruebas contra Morales es la declaraci\u00f3n de Ang\u00e9lica Ponce, l\u00edder de las mujeres interculturales, adem\u00e1s se tramita la presencia de testigos, que son funcionarios que lo visitaron durante su asilo en Buenos Aires.<\/p>\n<p style=\"text-align: justify;\">\u00abApuntamos a que declaren el propio (Alberto) Fern\u00e1ndez y funcionarios de su Gobierno como testigos. Hay un tema que en ese Gobierno no quiso comunicar cuando tuvimos noticias de esta situaci\u00f3n mientras Evo Morales estaba asilado\u00bb, afirm\u00f3.<\/p>\n<p style=\"text-align: justify;\">Al margen de este caso, Morales tiene otro por trata de personas que se abri\u00f3 en Tarija a cargo de la Fiscal\u00eda de ese departamento, delito que cometi\u00f3 al mantener una relaci\u00f3n con una ni\u00f1a de 15 a\u00f1os de edad con quien procre\u00f3 una hija.<\/p>\n<p style=\"text-align: justify;\">Por este caso cuenta con una orden de aprehensi\u00f3n que; sin embargo, hasta la fecha no se ejecuta porque seg\u00fan el Gobierno del presidente Luis Arce se quiere evitar derramamiento de sangre, toda vez que el tambi\u00e9n l\u00edder cocalero est\u00e1 protegido por sus seguidores entre quienes hay \u201cgente infiltrada\u201d que puede desatar violencia.<\/p>\n<p style=\"text-align: justify;\">Entre tanto, Morales est\u00e1 de proclamaci\u00f3n en proclamci\u00f3n con una firme decisi\u00f3n de postular a la silla presidencial en los comicios de agosto de este a\u00f1o, pese a que hay un fallo del Tribunal Constitucional Plurinacional (TCP) que se lo impide.<\/p>\n","protected":false},"excerpt":{"rendered":"<p>La justicia argentina determin\u00f3 reabrir el caso por corrupci\u00f3n de menores iniciado en contra del expresidente Evo Morales (2006-2019), luego de una apelaci\u00f3n, seg\u00fan confirm\u00f3 Jos\u00e9 Lucas Magioncalda, abogado de la Fundaci\u00f3n Apolo. \u00abContin\u00faa luego de que el juez de primera hab\u00eda desestimado. Apelamos y la C\u00e1mara orden\u00f3 que el archivo era prematuro y que [&hellip;]<\/p>\n","protected":false},"author":2,"featured_media":75976,"comment_status":"closed","ping_status":"open","sticky":false,"template":"","format":"standard","meta":{"footnotes":""},"categories":[18],"tags":[],"class_list":{"0":"post-75975","1":"post","2":"type-post","3":"status-publish","4":"format-standard","5":"has-post-thumbnail","7":"category-politica"},"_links":{"self":[{"href":"https:\/\/jms.com.bo\/mediamonitor\/wp-json\/wp\/v2\/posts\/75975","targetHints":{"allow":["GET"]}}],"collection":[{"href":"https:\/\/jms.com.bo\/mediamonitor\/wp-json\/wp\/v2\/posts"}],"about":[{"href":"https:\/\/jms.com.bo\/mediamonitor\/wp-json\/wp\/v2\/types\/post"}],"author":[{"embeddable":true,"href":"https:\/\/jms.com.bo\/mediamonitor\/wp-json\/wp\/v2\/users\/2"}],"replies":[{"embeddable":true,"href":"https:\/\/jms.com.bo\/mediamonitor\/wp-json\/wp\/v2\/comments?post=75975"}],"version-history":[{"count":0,"href":"https:\/\/jms.com.bo\/mediamonitor\/wp-json\/wp\/v2\/posts\/75975\/revisions"}],"wp:featuredmedia":[{"embeddable":true,"href":"https:\/\/jms.com.bo\/mediamonitor\/wp-json\/wp\/v2\/media\/75976"}],"wp:attachment":[{"href":"https:\/\/jms.com.bo\/mediamonitor\/wp-json\/wp\/v2\/media?parent=75975"}],"wp:term":[{"taxonomy":"category","embeddable":true,"href":"https:\/\/jms.com.bo\/mediamonitor\/wp-json\/wp\/v2\/categories?post=75975"},{"taxonomy":"post_tag","embeddable":true,"href":"https:\/\/jms.com.bo\/mediamonitor\/wp-json\/wp\/v2\/tags?post=75975"}],"curies":[{"name":"wp","href":"https:\/\/api.w.org\/{rel}","templated":true}]}}