{"id":75979,"date":"2025-04-23T07:17:25","date_gmt":"2025-04-23T11:17:25","guid":{"rendered":"https:\/\/jms.com.bo\/mediamonitor\/2025\/04\/23\/cuatro-de-las-cinco-alianzas-tienen-observaciones-del-tse\/"},"modified":"2025-04-23T07:17:25","modified_gmt":"2025-04-23T11:17:25","slug":"cuatro-de-las-cinco-alianzas-tienen-observaciones-del-tse","status":"publish","type":"post","link":"https:\/\/jms.com.bo\/mediamonitor\/2025\/04\/23\/cuatro-de-las-cinco-alianzas-tienen-observaciones-del-tse\/","title":{"rendered":"Cuatro de las cinco alianzas tienen observaciones del TSE"},"content":{"rendered":"<p style=\"text-align: justify;\">Fueron cinco alianzas que se registraron ante el \u00d3rgano Electoral para participar en las elecciones generales del 17 de agosto en el plazo establecido en el calendario electoral. De ellas solo una cuenta con registro oficial y cuatro est\u00e1n observadas por el Tribunal Supremo Electoral.<\/p>\n<p style=\"text-align: justify;\">\u201cHoy se registr\u00f3 oficialmente una alianza y se observaron los tr\u00e1mites de cuatro\u201d, dijo a La Raz\u00f3n una fuente de ese \u00f3rgano.<\/p>\n<p style=\"text-align: justify;\">La Alianza Popular, que est\u00e1 compuesta por el Movimiento Tercer Sistema (MTS), Partido Socialista Revolucionario (PSR) y Movimiento Autonomista de Trabajo y Esperanza (MATE) es la \u00fanica que no cuenta con observaciones.<\/p>\n<p style=\"text-align: justify;\">Las alianzas Libertad y Rep\u00fablica (Libre), Unidad, La Fuerza del Pueblo y Libertad y Progreso ADN tiene un plazo de hasta tres d\u00edas para subsanar sus observaciones.<\/p>\n<p style=\"text-align: justify;\">Las cinco alianzas, que algunas incluyen a partidos pol\u00edticos, podr\u00e1n presentar su candidato para las elecciones del 17 de agosto. Lo mismo pasa con los ocho partidos que expresaron al TSE su intenci\u00f3n de participar en dichos comicios.<\/p>\n<p style=\"text-align: justify;\">El vocal Francisco \u00c1vila, entrevista con No Mentir\u00e1s, este martes, indic\u00f3 que son 13 candidaturas de las que se espera registro entre el 14 y 19 de mayo, periodo previsto para esa actividad.<\/p>\n<p style=\"text-align: justify;\">\u201cEs su derecho (de cada alianza y partido), en realidad, inscribir las candidaturas, de acuerdo a su decisi\u00f3n\u201d, dijo.<\/p>\n<p style=\"text-align: justify;\">Luego de eso, el TSE tiene hasta el 6 de junio para habilitar o inhabilitar candidatos, en base s los requisitos que se deben cumplir.<\/p>\n<p style=\"text-align: justify;\">Este martes, hubo una impugnaci\u00f3n a la alianza Libre, que impulsa la candidatura del expresidente Jorge Tuto Quiroga, por parte de dos diputados de Comunidad Ciudadana (CC).<\/p>\n<p style=\"text-align: justify;\">Ahora, se espera que todas las alianzas Observadas presenten sus descargos para seguir con posibilidades de presentarse a los comicios de este a\u00f1o.<\/p>\n","protected":false},"excerpt":{"rendered":"<p>Fueron cinco alianzas que se registraron ante el \u00d3rgano Electoral para participar en las elecciones generales del 17 de agosto en el plazo establecido en el calendario electoral. De ellas solo una cuenta con registro oficial y cuatro est\u00e1n observadas por el Tribunal Supremo Electoral. \u201cHoy se registr\u00f3 oficialmente una alianza y se observaron los [&hellip;]<\/p>\n","protected":false},"author":2,"featured_media":16308,"comment_status":"closed","ping_status":"open","sticky":false,"template":"","format":"standard","meta":{"footnotes":""},"categories":[18,48,46],"tags":[],"class_list":{"0":"post-75979","1":"post","2":"type-post","3":"status-publish","4":"format-standard","5":"has-post-thumbnail","7":"category-politica","8":"category-portada-general-sitio","9":"category-portada-politica"},"_links":{"self":[{"href":"https:\/\/jms.com.bo\/mediamonitor\/wp-json\/wp\/v2\/posts\/75979","targetHints":{"allow":["GET"]}}],"collection":[{"href":"https:\/\/jms.com.bo\/mediamonitor\/wp-json\/wp\/v2\/posts"}],"about":[{"href":"https:\/\/jms.com.bo\/mediamonitor\/wp-json\/wp\/v2\/types\/post"}],"author":[{"embeddable":true,"href":"https:\/\/jms.com.bo\/mediamonitor\/wp-json\/wp\/v2\/users\/2"}],"replies":[{"embeddable":true,"href":"https:\/\/jms.com.bo\/mediamonitor\/wp-json\/wp\/v2\/comments?post=75979"}],"version-history":[{"count":0,"href":"https:\/\/jms.com.bo\/mediamonitor\/wp-json\/wp\/v2\/posts\/75979\/revisions"}],"wp:featuredmedia":[{"embeddable":true,"href":"https:\/\/jms.com.bo\/mediamonitor\/wp-json\/wp\/v2\/media\/16308"}],"wp:attachment":[{"href":"https:\/\/jms.com.bo\/mediamonitor\/wp-json\/wp\/v2\/media?parent=75979"}],"wp:term":[{"taxonomy":"category","embeddable":true,"href":"https:\/\/jms.com.bo\/mediamonitor\/wp-json\/wp\/v2\/categories?post=75979"},{"taxonomy":"post_tag","embeddable":true,"href":"https:\/\/jms.com.bo\/mediamonitor\/wp-json\/wp\/v2\/tags?post=75979"}],"curies":[{"name":"wp","href":"https:\/\/api.w.org\/{rel}","templated":true}]}}