{"id":75984,"date":"2025-04-23T07:24:49","date_gmt":"2025-04-23T11:24:49","guid":{"rendered":"https:\/\/jms.com.bo\/mediamonitor\/2025\/04\/23\/fmi-proyecta-inflacion-del-151-para-bolivia\/"},"modified":"2025-04-23T07:24:49","modified_gmt":"2025-04-23T11:24:49","slug":"fmi-proyecta-inflacion-del-151-para-bolivia","status":"publish","type":"post","link":"https:\/\/jms.com.bo\/mediamonitor\/2025\/04\/23\/fmi-proyecta-inflacion-del-151-para-bolivia\/","title":{"rendered":"FMI proyecta inflaci\u00f3n del 15,1% para Bolivia"},"content":{"rendered":"<p style=\"text-align: justify;\">La econom\u00eda boliviana ser\u00e1 una de las que mayor inflaci\u00f3n registre el 2025 en la regi\u00f3n, seg\u00fan las proyecciones del Fondo Monetario Internacional (FMI), se establece que registrar\u00e1 un 15,1% de inflaci\u00f3n y un crecimiento de 1,1% para esta gesti\u00f3n; aunque, el Gobierno proyect\u00f3 en el Presupuesto General del Estado (PGE) una inflaci\u00f3n de 7,5%.<\/p>\n<p style=\"text-align: justify;\">De acuerdo con el reporte del Instituto Nacional de Estad\u00edstica (INE), fue difundido la primera semana de este mes y mostraba una acumulada del 5% en el primer trimestre de este 2025, es la m\u00e1s elevada en los \u00faltimos 33 a\u00f1os (1993-2025).<\/p>\n<p style=\"text-align: justify;\">El presidente del Colegio Departamental de Economistas de Tarija, Fernando Romero, dijo que el pa\u00eds pasa por una inflaci\u00f3n ascendente, con baja liquidez en divisas y le cuesta asumir sus obligaciones internacionales, como el pago de la deuda externa y la importaci\u00f3n de carburantes, cuyo efecto se observar\u00e1 en un menor crecimiento de la econom\u00eda boliviana.<\/p>\n<p style=\"text-align: justify;\">Para el analista econ\u00f3mico Gonzalo Ch\u00e1vez, las proyecciones del FMI son preocupantes, ya que para el 2026 s\u00f3lo se tendr\u00eda un crecimiento de 0,9%, lo que significa que el aparato productivo estar\u00eda parado y la econom\u00eda tendr\u00eda serios problemas para crecer.<br \/>\nAsimismo, sostuvo que para el 2026, la inflaci\u00f3n subir\u00eda a 16%, una cifra elevada, pero las noticias negativas no dejan de surgir, pues se registra un d\u00e9ficit en el comercio internacional, es decir se importar\u00e1 m\u00e1s de lo que se va a exportar.<\/p>\n","protected":false},"excerpt":{"rendered":"<p>La econom\u00eda boliviana ser\u00e1 una de las que mayor inflaci\u00f3n registre el 2025 en la regi\u00f3n, seg\u00fan las proyecciones del Fondo Monetario Internacional (FMI), se establece que registrar\u00e1 un 15,1% de inflaci\u00f3n y un crecimiento de 1,1% para esta gesti\u00f3n; aunque, el Gobierno proyect\u00f3 en el Presupuesto General del Estado (PGE) una inflaci\u00f3n de 7,5%. [&hellip;]<\/p>\n","protected":false},"author":2,"featured_media":75985,"comment_status":"closed","ping_status":"open","sticky":false,"template":"","format":"standard","meta":{"footnotes":""},"categories":[25],"tags":[],"class_list":{"0":"post-75984","1":"post","2":"type-post","3":"status-publish","4":"format-standard","5":"has-post-thumbnail","7":"category-economia"},"_links":{"self":[{"href":"https:\/\/jms.com.bo\/mediamonitor\/wp-json\/wp\/v2\/posts\/75984","targetHints":{"allow":["GET"]}}],"collection":[{"href":"https:\/\/jms.com.bo\/mediamonitor\/wp-json\/wp\/v2\/posts"}],"about":[{"href":"https:\/\/jms.com.bo\/mediamonitor\/wp-json\/wp\/v2\/types\/post"}],"author":[{"embeddable":true,"href":"https:\/\/jms.com.bo\/mediamonitor\/wp-json\/wp\/v2\/users\/2"}],"replies":[{"embeddable":true,"href":"https:\/\/jms.com.bo\/mediamonitor\/wp-json\/wp\/v2\/comments?post=75984"}],"version-history":[{"count":0,"href":"https:\/\/jms.com.bo\/mediamonitor\/wp-json\/wp\/v2\/posts\/75984\/revisions"}],"wp:featuredmedia":[{"embeddable":true,"href":"https:\/\/jms.com.bo\/mediamonitor\/wp-json\/wp\/v2\/media\/75985"}],"wp:attachment":[{"href":"https:\/\/jms.com.bo\/mediamonitor\/wp-json\/wp\/v2\/media?parent=75984"}],"wp:term":[{"taxonomy":"category","embeddable":true,"href":"https:\/\/jms.com.bo\/mediamonitor\/wp-json\/wp\/v2\/categories?post=75984"},{"taxonomy":"post_tag","embeddable":true,"href":"https:\/\/jms.com.bo\/mediamonitor\/wp-json\/wp\/v2\/tags?post=75984"}],"curies":[{"name":"wp","href":"https:\/\/api.w.org\/{rel}","templated":true}]}}