{"id":75988,"date":"2025-04-23T07:41:42","date_gmt":"2025-04-23T11:41:42","guid":{"rendered":"https:\/\/jms.com.bo\/mediamonitor\/2025\/04\/23\/el-gobierno-de-brasil-avanza-con-un-ambicioso-proyecto-de-ley-para-la-liberalizacion-total-del-mercado-electrico\/"},"modified":"2025-04-23T07:41:42","modified_gmt":"2025-04-23T11:41:42","slug":"el-gobierno-de-brasil-avanza-con-un-ambicioso-proyecto-de-ley-para-la-liberalizacion-total-del-mercado-electrico","status":"publish","type":"post","link":"https:\/\/jms.com.bo\/mediamonitor\/2025\/04\/23\/el-gobierno-de-brasil-avanza-con-un-ambicioso-proyecto-de-ley-para-la-liberalizacion-total-del-mercado-electrico\/","title":{"rendered":"El gobierno de Brasil avanza con un ambicioso proyecto de ley para la liberalizaci\u00f3n total del mercado el\u00e9ctrico"},"content":{"rendered":"<p style=\"text-align: justify;\">El Ministerio de Minas y Energ\u00eda (MME) de Brasil present\u00f3 el anteproyecto de ley de reforma del sector el\u00e9ctrico ante la Casa Civil del pa\u00eds, que propone cambios estructurales vinculados con el mercado libre de energ\u00eda, reestructuraci\u00f3n de tarifas y el equilibrio sectorial.<\/p>\n<p style=\"text-align: justify;\">Tal como anticip\u00f3 Energ\u00eda Estrat\u00e9gica (ver nota) la propuesta presentada a la Casa Civil tiene el objetivo de ampliar el acceso de las familias a la electricidad, reducir las desigualdades sociales, brindar equilibrio en el sector el\u00e9ctrico, garantizar mayor libertad a los consumidores para elegir proveedores de energ\u00eda, promover m\u00e1s competencia y proteger a la poblaci\u00f3n m\u00e1s vulnerable.<\/p>\n<p style=\"text-align: justify;\">Uno de los ejes centrales de la reforma es la liberalizaci\u00f3n total del mercado de energ\u00eda. A partir de marzo de 2027, los consumidores industriales y comerciales conectados a baja tensi\u00f3n (menos de 2,3 kV) podr\u00e1n elegir libremente a sus proveedores de energ\u00eda.<\/p>\n<p style=\"text-align: justify;\">Esta libertad se extender\u00e1 a consumidores residenciales, rurales y otros sectores a partir de marzo de 2028, permitiendo una mayor competencia y posibilidad de optar por fuentes de generaci\u00f3n renovables.<\/p>\n<p style=\"text-align: justify;\">Para avanzar en la liberalizaci\u00f3n total del mercado el\u00e9ctrico, el gobierno busca crear la figura del proveedor de \u00faltima instancia (SUI), que deber\u00e1 estar regulado antes de julio de 2026, a fin de garantizar la continuidad del servicio para consumidores que, por cualquier motivo, no cuenten con contratos activos en el mercado libre.<\/p>\n<p style=\"text-align: justify;\">Adem\u00e1s, la reforma propone ajustar el horario de descuento del riego, que actualmente est\u00e1 fijado entre las 21.30 y las 00.00 horas. y las 6 a.m., considerando los cambios en el consumo y generaci\u00f3n de energ\u00eda en Brasil, especialmente debido al aumento de la generaci\u00f3n solar.<\/p>\n<p style=\"text-align: justify;\">\u201cEl objetivo es hacer este calendario m\u00e1s flexible y eficiente, adapt\u00e1ndolo al nuevo escenario de generaci\u00f3n y consumo energ\u00e9tico, pudiendo incluso reducir los vertimientos renovables\u201d, se\u00f1alaron desde el gobierno.<\/p>\n<p style=\"text-align: justify;\">Tambi\u00e9n se pretende redefinir la figura del autoproductor, ahora centrada en grandes consumidores con una demanda contratada m\u00ednima de 30 MW y una participaci\u00f3n de al menos 30% en el capital social del emprendimiento energ\u00e9tico; a la par que se fijan condiciones para conservar esta categor\u00eda en caso de reestructuraciones empresariales o an\u00e1lisis por parte del Consejo Administrativo de Defensa Econ\u00f3mica (CADE).<\/p>\n<p style=\"text-align: justify;\">El gobierno anticipa el fin progresivo de subsidios cruzados y prorrateo equitativo de los cargos del Cuenta de Desarrollo Energ\u00e9tico (CDE) entre todos los consumidores, sin distinci\u00f3n por tipo de tensi\u00f3n; como tambi\u00e9n modificar la tarifa social que actualmente beneficia a 17.000.000 de hogares de bajos ingresos, que representan un universo de 60 millones de personas.<\/p>\n<p style=\"text-align: justify;\">Incluso, la Agencia Nacional de Energ\u00eda El\u00e9ctrica (ANEEL) de Brasil podr\u00e1 establecer tarifas diferenciadas seg\u00fan horario, localizaci\u00f3n, morosidad o modelo de prepago, entre otros puntos; por lo que se contempla la posibilidad de tarifas multipartitas y cambios en el r\u00e9gimen tarifario de generaci\u00f3n.<\/p>\n<p style=\"text-align: justify;\">\u201cLa reforma tambi\u00e9n pretende eliminar distorsiones y aportar previsibilidad y seguridad jur\u00eddica al sector. El objetivo es promover una reducci\u00f3n de costos para los consumidores, preservando al mismo tiempo un entorno favorable para las inversiones, especialmente en distribuci\u00f3n y generaci\u00f3n de energ\u00eda\u201d, menciona el anteproyecto de ley.<\/p>\n<p style=\"text-align: justify;\">De igual modo, d\u00edas atr\u00e1s el gobierno mencion\u00f3 medidas como la inversi\u00f3n de m\u00e1s de R$ 60000 millones en transmisi\u00f3n para la integraci\u00f3n total del pa\u00eds al Sistema Interconectado Nacional (SIN), especialmente en la zona de la Amazon\u00eda, en pos de reducir el uso de combustibles f\u00f3siles.<\/p>\n<p style=\"text-align: justify;\">El texto del proyecto de ley, a\u00fan en fase preliminar, deber\u00e1 pasar por el Congreso y puede sufrir modificaciones. Sin embargo, constituye una de las reformas m\u00e1s ambiciosas del sector en las \u00faltimas d\u00e9cadas, con el objetivo de modernizar el sistema, promover la competencia y garantizar un acceso m\u00e1s justo a la energ\u00eda para todos los brasile\u00f1os.<\/p>\n","protected":false},"excerpt":{"rendered":"<p>El Ministerio de Minas y Energ\u00eda (MME) de Brasil present\u00f3 el anteproyecto de ley de reforma del sector el\u00e9ctrico ante la Casa Civil del pa\u00eds, que propone cambios estructurales vinculados con el mercado libre de energ\u00eda, reestructuraci\u00f3n de tarifas y el equilibrio sectorial. Tal como anticip\u00f3 Energ\u00eda Estrat\u00e9gica (ver nota) la propuesta presentada a la [&hellip;]<\/p>\n","protected":false},"author":2,"featured_media":75989,"comment_status":"closed","ping_status":"open","sticky":false,"template":"","format":"standard","meta":{"footnotes":""},"categories":[39],"tags":[],"class_list":{"0":"post-75988","1":"post","2":"type-post","3":"status-publish","4":"format-standard","5":"has-post-thumbnail","7":"category-energia"},"_links":{"self":[{"href":"https:\/\/jms.com.bo\/mediamonitor\/wp-json\/wp\/v2\/posts\/75988","targetHints":{"allow":["GET"]}}],"collection":[{"href":"https:\/\/jms.com.bo\/mediamonitor\/wp-json\/wp\/v2\/posts"}],"about":[{"href":"https:\/\/jms.com.bo\/mediamonitor\/wp-json\/wp\/v2\/types\/post"}],"author":[{"embeddable":true,"href":"https:\/\/jms.com.bo\/mediamonitor\/wp-json\/wp\/v2\/users\/2"}],"replies":[{"embeddable":true,"href":"https:\/\/jms.com.bo\/mediamonitor\/wp-json\/wp\/v2\/comments?post=75988"}],"version-history":[{"count":0,"href":"https:\/\/jms.com.bo\/mediamonitor\/wp-json\/wp\/v2\/posts\/75988\/revisions"}],"wp:featuredmedia":[{"embeddable":true,"href":"https:\/\/jms.com.bo\/mediamonitor\/wp-json\/wp\/v2\/media\/75989"}],"wp:attachment":[{"href":"https:\/\/jms.com.bo\/mediamonitor\/wp-json\/wp\/v2\/media?parent=75988"}],"wp:term":[{"taxonomy":"category","embeddable":true,"href":"https:\/\/jms.com.bo\/mediamonitor\/wp-json\/wp\/v2\/categories?post=75988"},{"taxonomy":"post_tag","embeddable":true,"href":"https:\/\/jms.com.bo\/mediamonitor\/wp-json\/wp\/v2\/tags?post=75988"}],"curies":[{"name":"wp","href":"https:\/\/api.w.org\/{rel}","templated":true}]}}