{"id":76002,"date":"2025-04-24T06:09:32","date_gmt":"2025-04-24T10:09:32","guid":{"rendered":"https:\/\/jms.com.bo\/mediamonitor\/2025\/04\/24\/preocupacion-en-sector-lechero-por-regulacion-de-precios-y-ampliacion-del-fondo-pro-leche\/"},"modified":"2025-04-24T06:09:32","modified_gmt":"2025-04-24T10:09:32","slug":"preocupacion-en-sector-lechero-por-regulacion-de-precios-y-ampliacion-del-fondo-pro-leche","status":"publish","type":"post","link":"https:\/\/jms.com.bo\/mediamonitor\/2025\/04\/24\/preocupacion-en-sector-lechero-por-regulacion-de-precios-y-ampliacion-del-fondo-pro-leche\/","title":{"rendered":"Preocupaci\u00f3n en sector lechero por regulaci\u00f3n de precios y ampliaci\u00f3n del fondo pro leche"},"content":{"rendered":"<p style=\"text-align: justify;\">La C\u00e1mara Nacional de Industrias expres\u00f3 su preocupaci\u00f3n por la regulaci\u00f3n de precios en el sector lechero y por la ampliaci\u00f3n del fondo Proleche y llama a un di\u00e1logo a las autoridades para buscar soluciones en beneficio del sector productivo.<\/p>\n<p style=\"text-align: justify;\">La C\u00e1mara Nacional de Industrias (CNI) expresa su profunda preocupaci\u00f3n por la dif\u00edcil situaci\u00f3n que atraviesa la industria l\u00e1ctea en Bolivia a causa de la regulaci\u00f3n de precios de la leche y la ampliaci\u00f3n por 15 a\u00f1os del Fondo Proleche que est\u00e1 generando un serio desequilibrio en toda la cadena productiva del sector, se\u00f1ala un comunicado de la entidad.<\/p>\n<p style=\"text-align: justify;\">Evidentemente, la actual normativa del Fondo Proleche ya no responde al equilibrio de costos y precios de la leche que deber\u00eda existir entre productores, industria y consumidores, ya que adem\u00e1s del sostenido aumento en los costos de insumos, el Gobierno modific\u00f3 en septiembre de 2024 la banda de precios de la leche cruda que los productores venden a las industrias, sin autorizar a las mismas industrias un incremento en el precio de venta al p\u00fablico, el cual se mantiene congelado desde hace m\u00e1s de una d\u00e9cada.<\/p>\n<p style=\"text-align: justify;\">Si bien se reglament\u00f3 una leve reducci\u00f3n en la cantidad de leche contenida en la presentaci\u00f3n regulada, el desequilibrio de precios entre productores y empresas obliga a las industrias a absorber el impacto econ\u00f3mico, generando p\u00e9rdidas millonarias anuales que ponen en riesgo la sostenibilidad del sector, el empleo y el abastecimiento diario de productos l\u00e1cteos a la poblaci\u00f3n que mantiene el desfase financiero que enfrentan las empresas del complejo l\u00e1cteo, advierte.<\/p>\n<p style=\"text-align: justify;\">\u201cComprendemos las demandas de los productores, quienes incluso est\u00e1n solicitando un nuevo ajuste al alza en el precio de la leche cruda, empero cualquier modificaci\u00f3n debe contemplar tambi\u00e9n una revisi\u00f3n integral de la normativa para no afectar a las industrias. Asimismo, la ampliaci\u00f3n por 15 a\u00f1os m\u00e1s del Fondo Proleche -cuya normativa actual vence el jueves 24 de abril- debe ser socializada en su contenido previa presentaci\u00f3n de un balance de los resultados obtenidos durante los 13 a\u00f1os de vigencia\u201d, exige.<\/p>\n<p style=\"text-align: justify;\">Por lo anterior, solicitamos una regulaci\u00f3n en el marco del Fondo Proleche que permita equilibrio entre los ajustes de precios para productores, empresas y consumidor final, as\u00ed como abrir un di\u00e1logo para revisar la normativa vigente y buscar soluciones conjuntas que favorezcan a todos los eslabones de la cadena, plantean los industriales.<\/p>\n<p style=\"text-align: justify;\">La CNI ratifica su compromiso con el desarrollo del pa\u00eds, resaltando que la industria l\u00e1ctea no solo genera empleo e innovaci\u00f3n, sino que garantiza productos de calidad para los hogares bolivianos. Para ello, es indispensable preservar el equilibrio del complejo l\u00e1cteo y asegurar reglas claras que permitan su sostenibilidad a largo plazo, finaliza el comunicado.<\/p>\n<p style=\"text-align: justify;\">A eso se debe sumar las denuncias que hacen algunos legisladores sobre el Fondo Proleche, al que calificaron un segundo Fondo Ind\u00edgena Originario Campesino (Fondioc), entidad que provoc\u00f3 un da\u00f1o al estado al perder miles de millones de d\u00f3lares, y el principal denunciante falleci\u00f3 y los acusados no respondieron a la poblaci\u00f3n.<\/p>\n<p style=\"text-align: justify;\">En ese contexto denunciaron que el fondo Proleche, recauda una cantidad de recursos, pero s\u00f3lo ejecuta la mitad en favor de los productores y el resto se desconoce su paradero, por ello los legisladores exigieron auditoria para conocer el destino de los recursos.<\/p>\n","protected":false},"excerpt":{"rendered":"<p>La C\u00e1mara Nacional de Industrias expres\u00f3 su preocupaci\u00f3n por la regulaci\u00f3n de precios en el sector lechero y por la ampliaci\u00f3n del fondo Proleche y llama a un di\u00e1logo a las autoridades para buscar soluciones en beneficio del sector productivo. La C\u00e1mara Nacional de Industrias (CNI) expresa su profunda preocupaci\u00f3n por la dif\u00edcil situaci\u00f3n que [&hellip;]<\/p>\n","protected":false},"author":2,"featured_media":0,"comment_status":"closed","ping_status":"open","sticky":false,"template":"","format":"standard","meta":{"footnotes":""},"categories":[57],"tags":[],"class_list":{"0":"post-76002","1":"post","2":"type-post","3":"status-publish","4":"format-standard","6":"category-alimentos-y-agroindustria"},"_links":{"self":[{"href":"https:\/\/jms.com.bo\/mediamonitor\/wp-json\/wp\/v2\/posts\/76002","targetHints":{"allow":["GET"]}}],"collection":[{"href":"https:\/\/jms.com.bo\/mediamonitor\/wp-json\/wp\/v2\/posts"}],"about":[{"href":"https:\/\/jms.com.bo\/mediamonitor\/wp-json\/wp\/v2\/types\/post"}],"author":[{"embeddable":true,"href":"https:\/\/jms.com.bo\/mediamonitor\/wp-json\/wp\/v2\/users\/2"}],"replies":[{"embeddable":true,"href":"https:\/\/jms.com.bo\/mediamonitor\/wp-json\/wp\/v2\/comments?post=76002"}],"version-history":[{"count":0,"href":"https:\/\/jms.com.bo\/mediamonitor\/wp-json\/wp\/v2\/posts\/76002\/revisions"}],"wp:attachment":[{"href":"https:\/\/jms.com.bo\/mediamonitor\/wp-json\/wp\/v2\/media?parent=76002"}],"wp:term":[{"taxonomy":"category","embeddable":true,"href":"https:\/\/jms.com.bo\/mediamonitor\/wp-json\/wp\/v2\/categories?post=76002"},{"taxonomy":"post_tag","embeddable":true,"href":"https:\/\/jms.com.bo\/mediamonitor\/wp-json\/wp\/v2\/tags?post=76002"}],"curies":[{"name":"wp","href":"https:\/\/api.w.org\/{rel}","templated":true}]}}