{"id":76003,"date":"2025-04-24T06:11:42","date_gmt":"2025-04-24T10:11:42","guid":{"rendered":"https:\/\/jms.com.bo\/mediamonitor\/2025\/04\/24\/mineros-demandan-reunirse-con-el-presidente-arce\/"},"modified":"2025-04-24T06:11:42","modified_gmt":"2025-04-24T10:11:42","slug":"mineros-demandan-reunirse-con-el-presidente-arce","status":"publish","type":"post","link":"https:\/\/jms.com.bo\/mediamonitor\/2025\/04\/24\/mineros-demandan-reunirse-con-el-presidente-arce\/","title":{"rendered":"Mineros demandan reunirse con el presidente Arce"},"content":{"rendered":"<p style=\"text-align: justify;\">Los dirigentes de la Federaci\u00f3n Nacional de Cooperativas Mineras (Fencomin) han abandonado este mi\u00e9rcoles el di\u00e1logo con ministros del Gobierno, al considerar que ya han agotado esa instancia y deben ser atendidos por el presidente Luis Arce.<\/p>\n<p style=\"text-align: justify;\">El presidente de Fencomin, Josu\u00e9 Caricari, indic\u00f3 que los mineros no permitir\u00e1n m\u00e1s dilaciones, puesto que merecen respeto.<\/p>\n<p style=\"text-align: justify;\">Manifest\u00f3 que las movilizaciones se mantienen y advirti\u00f3 con radicalizar las medidas de presi\u00f3n, en caso de que no se allanen sus pedidos.<\/p>\n<p style=\"text-align: justify;\">\u201cHemos abandonado y vamos a pedir, con respeto, que nos hagan llegar una invitaci\u00f3n formal para podernos reunir con el presidente\u201d, sostuvo el dirigente.<\/p>\n<p style=\"text-align: justify;\">El di\u00e1logo se convoc\u00f3 en oficinas de YPFB en La Paz, mientras los mineros se movilizaron en el centro pace\u00f1o.<\/p>\n","protected":false},"excerpt":{"rendered":"<p>Los dirigentes de la Federaci\u00f3n Nacional de Cooperativas Mineras (Fencomin) han abandonado este mi\u00e9rcoles el di\u00e1logo con ministros del Gobierno, al considerar que ya han agotado esa instancia y deben ser atendidos por el presidente Luis Arce. El presidente de Fencomin, Josu\u00e9 Caricari, indic\u00f3 que los mineros no permitir\u00e1n m\u00e1s dilaciones, puesto que merecen respeto. [&hellip;]<\/p>\n","protected":false},"author":2,"featured_media":76004,"comment_status":"closed","ping_status":"open","sticky":false,"template":"","format":"standard","meta":{"footnotes":""},"categories":[49],"tags":[],"class_list":{"0":"post-76003","1":"post","2":"type-post","3":"status-publish","4":"format-standard","5":"has-post-thumbnail","7":"category-social"},"_links":{"self":[{"href":"https:\/\/jms.com.bo\/mediamonitor\/wp-json\/wp\/v2\/posts\/76003","targetHints":{"allow":["GET"]}}],"collection":[{"href":"https:\/\/jms.com.bo\/mediamonitor\/wp-json\/wp\/v2\/posts"}],"about":[{"href":"https:\/\/jms.com.bo\/mediamonitor\/wp-json\/wp\/v2\/types\/post"}],"author":[{"embeddable":true,"href":"https:\/\/jms.com.bo\/mediamonitor\/wp-json\/wp\/v2\/users\/2"}],"replies":[{"embeddable":true,"href":"https:\/\/jms.com.bo\/mediamonitor\/wp-json\/wp\/v2\/comments?post=76003"}],"version-history":[{"count":0,"href":"https:\/\/jms.com.bo\/mediamonitor\/wp-json\/wp\/v2\/posts\/76003\/revisions"}],"wp:featuredmedia":[{"embeddable":true,"href":"https:\/\/jms.com.bo\/mediamonitor\/wp-json\/wp\/v2\/media\/76004"}],"wp:attachment":[{"href":"https:\/\/jms.com.bo\/mediamonitor\/wp-json\/wp\/v2\/media?parent=76003"}],"wp:term":[{"taxonomy":"category","embeddable":true,"href":"https:\/\/jms.com.bo\/mediamonitor\/wp-json\/wp\/v2\/categories?post=76003"},{"taxonomy":"post_tag","embeddable":true,"href":"https:\/\/jms.com.bo\/mediamonitor\/wp-json\/wp\/v2\/tags?post=76003"}],"curies":[{"name":"wp","href":"https:\/\/api.w.org\/{rel}","templated":true}]}}