{"id":76027,"date":"2025-04-24T06:37:42","date_gmt":"2025-04-24T10:37:42","guid":{"rendered":"https:\/\/jms.com.bo\/mediamonitor\/2025\/04\/24\/bolivia-registra-un-deficit-comercial-de-327-millones-de-dolares-hasta-febrero-de-2025\/"},"modified":"2025-04-24T06:37:42","modified_gmt":"2025-04-24T10:37:42","slug":"bolivia-registra-un-deficit-comercial-de-327-millones-de-dolares-hasta-febrero-de-2025","status":"publish","type":"post","link":"https:\/\/jms.com.bo\/mediamonitor\/2025\/04\/24\/bolivia-registra-un-deficit-comercial-de-327-millones-de-dolares-hasta-febrero-de-2025\/","title":{"rendered":"Bolivia registra un d\u00e9ficit comercial de 327 millones de d\u00f3lares hasta febrero de 2025"},"content":{"rendered":"<p style=\"text-align: justify;\">El comercio exterior de Bolivia cerr\u00f3 el primer bimestre de 2025 con un saldo comercial negativo de 327 millones de d\u00f3lares, seg\u00fan datos preliminares difundidos por el Instituto Nacional de Estad\u00edstica (INE). El resultado refleja un entorno econ\u00f3mico marcado por factores clim\u00e1ticos adversos, tensiones sociales internas y restricciones a las exportaciones aplicadas por el propio Estado..<\/p>\n<p style=\"text-align: justify;\">Durante el periodo enero-febrero, las exportaciones alcanzaron un total de 1.170 millones de d\u00f3lares, lo que representa una ca\u00edda del 8% en comparaci\u00f3n con el mismo lapso del a\u00f1o anterior. La contracci\u00f3n se debi\u00f3 principalmente a descensos en sectores clave como hidrocarburos (-38%), manufactura (-26%) y agropecuaria (-8%).<\/p>\n<p style=\"text-align: justify;\">No obstante, el rubro de extracci\u00f3n de minerales mostr\u00f3 un comportamiento positivo, con un crecimiento del 42% en las exportaciones. Entre los productos destacados, sobresalen el zinc y la plata, cuyas exportaciones aumentaron un 26% y 65% respectivamente, impulsadas por el alza en los precios internacionales.<\/p>\n<p style=\"text-align: justify;\">Dentro de la industria manufacturera, la carne bovina registr\u00f3 un notable incremento del 43%, mientras que la joyer\u00eda de oro experiment\u00f3 una leve subida del 2%. En el sector agr\u00edcola, las exportaciones de casta\u00f1a y quinua crecieron un 36% y 23%, respectivamente, favorecidas por la demanda internacional.<\/p>\n<p style=\"text-align: justify;\">Por el lado de las importaciones, el pa\u00eds compr\u00f3 bienes por un valor de 1.497 millones de d\u00f3lares en los dos primeros meses del a\u00f1o, cifra que representa una disminuci\u00f3n del 8% en comparaci\u00f3n interanual. Esta baja se explic\u00f3 principalmente por una menor importaci\u00f3n de materias primas y bienes de capital.<\/p>\n<p style=\"text-align: justify;\">El saldo negativo registrado hasta febrero marca una tendencia que las autoridades bolivianas deber\u00e1n observar con atenci\u00f3n, en un contexto global a\u00fan inestable y con desaf\u00edos internos que podr\u00edan seguir afectando la balanza comercial del pa\u00eds.<\/p>\n<p style=\"text-align: justify;\">An\u00e1lisis<\/p>\n<p style=\"text-align: justify;\">Luis Fernando Romero Torrej\u00f3n, presidente del Colegio Departamental de Economistas de Tarija, advirti\u00f3 que en Bolivia acumula varios meses consecutivos con saldos comerciales negativos y que esta tendencia no parece ser coyuntural, sino parte de un deterioro estructural en el comercio exterior del pa\u00eds.<\/p>\n<p style=\"text-align: justify;\">\u00abEn lo que va del a\u00f1o, las exportaciones han ca\u00eddo un 8% y las importaciones en una proporci\u00f3n similar, pero lo m\u00e1s preocupante es que el 63% de nuestras importaciones en febrero fueron bienes de consumo, y no bienes de capital, lo que refleja una contracci\u00f3n de la inversi\u00f3n productiva\u00bb, se\u00f1al\u00f3 Romero.<\/p>\n<p style=\"text-align: justify;\">Seg\u00fan el experto, la escasez de d\u00f3lares, la inflaci\u00f3n interna y los altos precios en el mercado paralelo han limitado tanto la capacidad de exportar como de importar. Adem\u00e1s, destac\u00f3 que las exportaciones de gas natural \u2014uno de los principales productos bolivianos\u2014 han disminuido un 38% en lo que va del a\u00f1o.<\/p>\n<p style=\"text-align: justify;\">Romero preciso que el pa\u00eds registr\u00f3 11 meses con saldos comerciales negativos desde enero de 2024 hasta febrero de 2025, un dato que va m\u00e1s all\u00e1 del contexto internacional y apunta a una crisis econ\u00f3mica nacional.<\/p>\n<p style=\"text-align: justify;\">\u00abLas restricciones internas, la baja demanda, la falta de incentivos estructurales y la incertidumbre est\u00e1n frenando tanto las exportaciones como la recuperaci\u00f3n econ\u00f3mica\u00bb, concluy\u00f3.<\/p>\n","protected":false},"excerpt":{"rendered":"<p>El comercio exterior de Bolivia cerr\u00f3 el primer bimestre de 2025 con un saldo comercial negativo de 327 millones de d\u00f3lares, seg\u00fan datos preliminares difundidos por el Instituto Nacional de Estad\u00edstica (INE). El resultado refleja un entorno econ\u00f3mico marcado por factores clim\u00e1ticos adversos, tensiones sociales internas y restricciones a las exportaciones aplicadas por el propio [&hellip;]<\/p>\n","protected":false},"author":2,"featured_media":76028,"comment_status":"closed","ping_status":"open","sticky":false,"template":"","format":"standard","meta":{"footnotes":""},"categories":[25],"tags":[],"class_list":{"0":"post-76027","1":"post","2":"type-post","3":"status-publish","4":"format-standard","5":"has-post-thumbnail","7":"category-economia"},"_links":{"self":[{"href":"https:\/\/jms.com.bo\/mediamonitor\/wp-json\/wp\/v2\/posts\/76027","targetHints":{"allow":["GET"]}}],"collection":[{"href":"https:\/\/jms.com.bo\/mediamonitor\/wp-json\/wp\/v2\/posts"}],"about":[{"href":"https:\/\/jms.com.bo\/mediamonitor\/wp-json\/wp\/v2\/types\/post"}],"author":[{"embeddable":true,"href":"https:\/\/jms.com.bo\/mediamonitor\/wp-json\/wp\/v2\/users\/2"}],"replies":[{"embeddable":true,"href":"https:\/\/jms.com.bo\/mediamonitor\/wp-json\/wp\/v2\/comments?post=76027"}],"version-history":[{"count":0,"href":"https:\/\/jms.com.bo\/mediamonitor\/wp-json\/wp\/v2\/posts\/76027\/revisions"}],"wp:featuredmedia":[{"embeddable":true,"href":"https:\/\/jms.com.bo\/mediamonitor\/wp-json\/wp\/v2\/media\/76028"}],"wp:attachment":[{"href":"https:\/\/jms.com.bo\/mediamonitor\/wp-json\/wp\/v2\/media?parent=76027"}],"wp:term":[{"taxonomy":"category","embeddable":true,"href":"https:\/\/jms.com.bo\/mediamonitor\/wp-json\/wp\/v2\/categories?post=76027"},{"taxonomy":"post_tag","embeddable":true,"href":"https:\/\/jms.com.bo\/mediamonitor\/wp-json\/wp\/v2\/tags?post=76027"}],"curies":[{"name":"wp","href":"https:\/\/api.w.org\/{rel}","templated":true}]}}