{"id":76029,"date":"2025-04-24T06:39:19","date_gmt":"2025-04-24T10:39:19","guid":{"rendered":"https:\/\/jms.com.bo\/mediamonitor\/2025\/04\/24\/banco-mundial-preve-un-crecimiento-de-12-para-bolivia-el-mas-bajo-de-la-region\/"},"modified":"2025-04-24T06:39:19","modified_gmt":"2025-04-24T10:39:19","slug":"banco-mundial-preve-un-crecimiento-de-12-para-bolivia-el-mas-bajo-de-la-region","status":"publish","type":"post","link":"https:\/\/jms.com.bo\/mediamonitor\/2025\/04\/24\/banco-mundial-preve-un-crecimiento-de-12-para-bolivia-el-mas-bajo-de-la-region\/","title":{"rendered":"Banco Mundial prev\u00e9 un crecimiento de 1,2% para Bolivia, el m\u00e1s bajo de la regi\u00f3n"},"content":{"rendered":"<p style=\"text-align: justify;\">El m\u00e1s reciente reporte del Banco Mundial (BM) proyecta un crecimiento de 1,2% para Bolivia en este 2025, una cifra que es la m\u00e1s baja de la regi\u00f3n y que casi coincide con la difundida por el Fondo Monetario Internacional (FMI).<\/p>\n<p style=\"text-align: justify;\">En su informe sobre las perspectivas de la econom\u00eda global, el BM prev\u00e9 que el crecimiento de Bolivia en 2026 ser\u00e1 de un 1,1%, y una cifra similar para 2027.<\/p>\n<p style=\"text-align: justify;\">En comparaci\u00f3n con pa\u00edses de la regi\u00f3n, el crecimiento de 1,2% se encuentra por debajo del 1,8% de Brasil y el 1,9% de Ecuador para este a\u00f1o.<\/p>\n<p style=\"text-align: justify;\">En el cuadro de \u201cperspectivas de crecimiento para la regi\u00f3n\u201d, no se encuentra la proyecci\u00f3n para Venezuela.<\/p>\n<p style=\"text-align: justify;\">El FMI proyecto un crecimiento del 1,1% para Bolivia en este 2025, una cifra que es tambi\u00e9n baja para la regi\u00f3n, seg\u00fan sus proyecciones.<\/p>\n<p style=\"text-align: justify;\">En un panorama complicado para la econom\u00eda, el FMI anticip\u00f3 que Bolivia ser\u00e1 uno de los pa\u00edses de Am\u00e9rica Latina con mayor inflaci\u00f3n en 2025, con una proyecci\u00f3n del 15,1% en el incremento de precios al consumidor.<\/p>\n<p style=\"text-align: justify;\">Ese dato contrasta con la previsi\u00f3n oficial del Gobierno, que en el Presupuesto General del Estado (PGE) estim\u00f3 una inflaci\u00f3n del 7,5% para la presente gesti\u00f3n.<\/p>\n","protected":false},"excerpt":{"rendered":"<p>El m\u00e1s reciente reporte del Banco Mundial (BM) proyecta un crecimiento de 1,2% para Bolivia en este 2025, una cifra que es la m\u00e1s baja de la regi\u00f3n y que casi coincide con la difundida por el Fondo Monetario Internacional (FMI). En su informe sobre las perspectivas de la econom\u00eda global, el BM prev\u00e9 que [&hellip;]<\/p>\n","protected":false},"author":2,"featured_media":76030,"comment_status":"closed","ping_status":"open","sticky":false,"template":"","format":"standard","meta":{"footnotes":""},"categories":[25,45,48],"tags":[],"class_list":{"0":"post-76029","1":"post","2":"type-post","3":"status-publish","4":"format-standard","5":"has-post-thumbnail","7":"category-economia","8":"category-portada-economia","9":"category-portada-general-sitio"},"_links":{"self":[{"href":"https:\/\/jms.com.bo\/mediamonitor\/wp-json\/wp\/v2\/posts\/76029","targetHints":{"allow":["GET"]}}],"collection":[{"href":"https:\/\/jms.com.bo\/mediamonitor\/wp-json\/wp\/v2\/posts"}],"about":[{"href":"https:\/\/jms.com.bo\/mediamonitor\/wp-json\/wp\/v2\/types\/post"}],"author":[{"embeddable":true,"href":"https:\/\/jms.com.bo\/mediamonitor\/wp-json\/wp\/v2\/users\/2"}],"replies":[{"embeddable":true,"href":"https:\/\/jms.com.bo\/mediamonitor\/wp-json\/wp\/v2\/comments?post=76029"}],"version-history":[{"count":0,"href":"https:\/\/jms.com.bo\/mediamonitor\/wp-json\/wp\/v2\/posts\/76029\/revisions"}],"wp:featuredmedia":[{"embeddable":true,"href":"https:\/\/jms.com.bo\/mediamonitor\/wp-json\/wp\/v2\/media\/76030"}],"wp:attachment":[{"href":"https:\/\/jms.com.bo\/mediamonitor\/wp-json\/wp\/v2\/media?parent=76029"}],"wp:term":[{"taxonomy":"category","embeddable":true,"href":"https:\/\/jms.com.bo\/mediamonitor\/wp-json\/wp\/v2\/categories?post=76029"},{"taxonomy":"post_tag","embeddable":true,"href":"https:\/\/jms.com.bo\/mediamonitor\/wp-json\/wp\/v2\/tags?post=76029"}],"curies":[{"name":"wp","href":"https:\/\/api.w.org\/{rel}","templated":true}]}}