{"id":76031,"date":"2025-04-24T06:43:26","date_gmt":"2025-04-24T10:43:26","guid":{"rendered":"https:\/\/jms.com.bo\/mediamonitor\/2025\/04\/24\/inflacion-de-la-energia-en-latinoamerica-a-la-alza-con-316-interanual\/"},"modified":"2025-04-24T06:43:26","modified_gmt":"2025-04-24T10:43:26","slug":"inflacion-de-la-energia-en-latinoamerica-a-la-alza-con-316-interanual","status":"publish","type":"post","link":"https:\/\/jms.com.bo\/mediamonitor\/2025\/04\/24\/inflacion-de-la-energia-en-latinoamerica-a-la-alza-con-316-interanual\/","title":{"rendered":"Inflaci\u00f3n de la energ\u00eda en Latinoam\u00e9rica a la alza con 3,16% interanual"},"content":{"rendered":"<p style=\"text-align: justify;\">La inflaci\u00f3n de la energ\u00eda en Latinoam\u00e9rica continu\u00f3 al alza en febrero al registrar un aumento de los precios del 3,16% respecto al mismo mes del 2024, seg\u00fan el \u00faltimo reporte publicado este martes por la Organizaci\u00f3n Latinoamericana de la Energ\u00eda (Olade).<\/p>\n<p style=\"text-align: justify;\">El \u00edndice interanual pas\u00f3 de 2,08% en enero a 3,16 % en febrero, a pesar de la ca\u00edda de un 5,3% en los precios internacionales del petr\u00f3leo, lo que no se ha traducido en menores precios en las tarifas de los combustibles en Am\u00e9rica Latina y el Caribe.<\/p>\n<p style=\"text-align: justify;\">El precio del petr\u00f3leo supone aproximadamente el 60% en la variaci\u00f3n del \u00edndice de los precios de la energ\u00eda en Latinoam\u00e9rica.<\/p>\n<p style=\"text-align: justify;\">\u201cEs decir, este mes son las tarifas el\u00e9ctricas para los sectores industrial y residencial las que explican principalmente el alza del \u00edndice, como consecuencia de la reducci\u00f3n de subsidios en varios pa\u00edses de Am\u00e9rica Latina y el Caribe\u201d, se\u00f1al\u00f3 la Olade en su comunicado.<\/p>\n<p style=\"text-align: justify;\">Te invitamos a leer: Estos son los 12 posibles nombres para la pr\u00f3xima figura papal<\/p>\n<p style=\"text-align: justify;\">La inflaci\u00f3n energ\u00e9tica mensual aument\u00f3 3,3 veces, al pasar de 0,26% en enero de 2025 a 0,86% en febrero del mismo a\u00f1o.<\/p>\n<p style=\"text-align: justify;\">La Olade, con sede en Quito, es un organismo de cooperaci\u00f3n, coordinaci\u00f3n y asesor\u00eda t\u00e9cnica de car\u00e1cter p\u00fablico e intergubernamental, que desde 1973 busca fomentar la integraci\u00f3n, conservaci\u00f3n, racional aprovechamiento, comercializaci\u00f3n y defensa de los recursos energ\u00e9ticos de la regi\u00f3n.<\/p>\n<p style=\"text-align: justify;\">Entre sus integrantes figuran Argentina, Barbados, Belice, Bolivia, Brasil, Chile, Colombia, Costa Rica, Cuba, Ecuador, El Salvador, Granada, Guatemala, Guyana, Hait\u00ed, Honduras, Jamaica, Per\u00fa, Rep\u00fablica Dominicana, Surinam, Trinidad y Tobago, Uruguay y Venezuela.<\/p>\n","protected":false},"excerpt":{"rendered":"<p>La inflaci\u00f3n de la energ\u00eda en Latinoam\u00e9rica continu\u00f3 al alza en febrero al registrar un aumento de los precios del 3,16% respecto al mismo mes del 2024, seg\u00fan el \u00faltimo reporte publicado este martes por la Organizaci\u00f3n Latinoamericana de la Energ\u00eda (Olade). El \u00edndice interanual pas\u00f3 de 2,08% en enero a 3,16 % en febrero, [&hellip;]<\/p>\n","protected":false},"author":2,"featured_media":76032,"comment_status":"closed","ping_status":"open","sticky":false,"template":"","format":"standard","meta":{"footnotes":""},"categories":[39],"tags":[],"class_list":{"0":"post-76031","1":"post","2":"type-post","3":"status-publish","4":"format-standard","5":"has-post-thumbnail","7":"category-energia"},"_links":{"self":[{"href":"https:\/\/jms.com.bo\/mediamonitor\/wp-json\/wp\/v2\/posts\/76031","targetHints":{"allow":["GET"]}}],"collection":[{"href":"https:\/\/jms.com.bo\/mediamonitor\/wp-json\/wp\/v2\/posts"}],"about":[{"href":"https:\/\/jms.com.bo\/mediamonitor\/wp-json\/wp\/v2\/types\/post"}],"author":[{"embeddable":true,"href":"https:\/\/jms.com.bo\/mediamonitor\/wp-json\/wp\/v2\/users\/2"}],"replies":[{"embeddable":true,"href":"https:\/\/jms.com.bo\/mediamonitor\/wp-json\/wp\/v2\/comments?post=76031"}],"version-history":[{"count":0,"href":"https:\/\/jms.com.bo\/mediamonitor\/wp-json\/wp\/v2\/posts\/76031\/revisions"}],"wp:featuredmedia":[{"embeddable":true,"href":"https:\/\/jms.com.bo\/mediamonitor\/wp-json\/wp\/v2\/media\/76032"}],"wp:attachment":[{"href":"https:\/\/jms.com.bo\/mediamonitor\/wp-json\/wp\/v2\/media?parent=76031"}],"wp:term":[{"taxonomy":"category","embeddable":true,"href":"https:\/\/jms.com.bo\/mediamonitor\/wp-json\/wp\/v2\/categories?post=76031"},{"taxonomy":"post_tag","embeddable":true,"href":"https:\/\/jms.com.bo\/mediamonitor\/wp-json\/wp\/v2\/tags?post=76031"}],"curies":[{"name":"wp","href":"https:\/\/api.w.org\/{rel}","templated":true}]}}