{"id":76033,"date":"2025-04-24T06:46:17","date_gmt":"2025-04-24T10:46:17","guid":{"rendered":"https:\/\/jms.com.bo\/mediamonitor\/2025\/04\/24\/aben-energia-nuclear-para-potenciar-al-agro\/"},"modified":"2025-04-24T06:46:17","modified_gmt":"2025-04-24T10:46:17","slug":"aben-energia-nuclear-para-potenciar-al-agro","status":"publish","type":"post","link":"https:\/\/jms.com.bo\/mediamonitor\/2025\/04\/24\/aben-energia-nuclear-para-potenciar-al-agro\/","title":{"rendered":"ABEN: energ\u00eda nuclear para potenciar al agro"},"content":{"rendered":"<p style=\"text-align: justify;\">La Agencia Boliviana de Energ\u00eda Nuclear (ABEN) logr\u00f3 completar el primer proceso de esterilizaci\u00f3n de insectos en el Centro Multiprop\u00f3sito de Irradiaci\u00f3n (CMI) de El Alto, marcando un hito hist\u00f3rico en la aplicaci\u00f3n de tecnolog\u00eda nuclear con fines agr\u00edcolas y de salud p\u00fablica en Bolivia.<\/p>\n<p style=\"text-align: justify;\">Hortensia Jim\u00e9nez, directora general ejecutiva de la ABEN, explica los alcances de este importante avance cient\u00edfico en una entrevista exclusiva con Energ\u00edas &amp; Negocios, de La Raz\u00f3n. Esta tecnolog\u00eda promete revolucionar el control de plagas en cultivos bolivianos y el manejo de vectores de enfermedades.<\/p>\n<p style=\"text-align: justify;\">\u00abRealmente es un hito hist\u00f3rico para el pa\u00eds lo que se ha dado con la utilizaci\u00f3n de la t\u00e9cnica del mosquito est\u00e9ril, que permite realizar control tanto en lo que es el \u00e1rea alimenticia, como seguridad alimentaria, y en lo que es salud p\u00fablica\u00bb, precis\u00f3 la ejecutiva, destacando el doble impacto de esta tecnolog\u00eda.<\/p>\n<p style=\"text-align: justify;\">Una t\u00e9cnica revolucionaria<\/p>\n<p style=\"text-align: justify;\">La t\u00e9cnica del insecto est\u00e9ril (TIE) consiste en un proceso preciso que, seg\u00fan explica la directora de la ABEN, \u00abse basa en la crianza masiva de estos insectos. Pasa por una serie de procesos previos, antes de la radiaci\u00f3n, donde se identifican los insectos hembras de machos, se los separa y al grupo de insectos machos se los pasa por ciertas dosis de radiaci\u00f3n en el cual se esteriliza\u00bb.<\/p>\n<p style=\"text-align: justify;\">El procedimiento contin\u00faa con la liberaci\u00f3n permanente de estos insectos machos est\u00e9riles en \u00e1reas afectadas, reemplazando progresivamente a los machos silvestres. \u00abDe esa manera se hace el control de plagas, en un caso, por ejemplo, la mosca de la fruta, donde ya permite tener mejores condiciones de productividad, o en el caso del \u00e1rea de salud, ciertos vectores que transmiten zika y dengue, evitando la proliferaci\u00f3n de enfermedades\u00bb, destac\u00f3 Jim\u00e9nez.<\/p>\n<p style=\"text-align: justify;\">Lo m\u00e1s significativo de esta tecnolog\u00eda es su car\u00e1cter ecol\u00f3gico, ya que no utiliza pesticidas qu\u00edmicos, garantizando as\u00ed la no contaminaci\u00f3n de los productos agr\u00edcolas y reduciendo el impacto ambiental negativo.<\/p>\n<p style=\"text-align: justify;\">Especies tratadas<\/p>\n<p style=\"text-align: justify;\">\u00abNos hemos enfocado en el insecto Aedes aegypti, que son los transmisores de lo que es dengue, zika y chikungunya\u00bb, explic\u00f3 Jim\u00e9nez, a\u00f1adiendo que este trabajo se realiza en cooperaci\u00f3n con el Ministerio de Salud y el Programa Nacional de Enfermedades y Transmisiones por Vectores.<\/p>\n<p style=\"text-align: justify;\">En el \u00e1mbito agr\u00edcola, \u00abhemos estado trabajando con la mosca de la fruta, que el nombre cient\u00edfico es Ceratitis capitata\u00bb, se\u00f1al\u00f3 la ejecutiva de la ABEN, destacando la cooperaci\u00f3n con la Universidad Mayor de San Sim\u00f3n en este proyecto.<\/p>\n<p style=\"text-align: justify;\">Mejoramiento gen\u00e9tico<\/p>\n<p style=\"text-align: justify;\">Pero las aplicaciones de la tecnolog\u00eda nuclear van m\u00e1s all\u00e1 del control de plagas. Jim\u00e9nez explic\u00f3 que tambi\u00e9n se trabaja en \u00abel mejoramiento gen\u00e9tico de semillas, en el cual tambi\u00e9n a trav\u00e9s de la radiaci\u00f3n a diferentes tipos de dosis, nosotros podemos trabajar en la mutaci\u00f3n gen\u00e9tica de la misma semilla para que sea tolerante a heladas, tolerantes a estr\u00e9s h\u00eddrico, dependiendo de cu\u00e1les son las necesidades productivas que tenga el pa\u00eds\u00bb.<\/p>\n<p style=\"text-align: justify;\">Este proceso permite modificar cultivos como cebada o trigo para que puedan cultivarse en condiciones adversas, como las del altiplano boliviano, o para enriquecerlos nutricionalmente: \u00abpor ejemplo, le quitemos ciertos factores o le incrementemos, por ejemplo, hierro\u00bb, ilustr\u00f3 la directora de la ABEN.<\/p>\n<p style=\"text-align: justify;\">Otra ventaja es la preservaci\u00f3n de productos para exportaci\u00f3n: \u00ablo que s\u00ed se genera tambi\u00e9n a trav\u00e9s de este tipo de t\u00e9cnicas es bajar todo lo que es nocivo para el producto, la carga microbiana, y eso nos permite para ciertos productos de exportaci\u00f3n poder exportarlos y que se mantengan durante un periodo de tiempo m\u00e1s largo\u00bb, explic\u00f3 Jim\u00e9nez.<\/p>\n<p style=\"text-align: justify;\">Integraci\u00f3n regional<\/p>\n<p style=\"text-align: justify;\">La implementaci\u00f3n de estas t\u00e9cnicas tambi\u00e9n significa un paso importante para la integraci\u00f3n regional en t\u00e9rminos de est\u00e1ndares fitosanitarios. \u00abUstedes saben que antes, cuando uno iba a la frontera de Chile o de Per\u00fa o de Argentina, se ten\u00eda que dejar absolutamente todas las frutas y otras cosas para pasar sin nada. Justamente porque ellos ya hacen este tipo de control de plagas hace mucho tiempo, y nosotros reci\u00e9n estamos empezando\u00bb, coment\u00f3 la directora.<\/p>\n<p style=\"text-align: justify;\">Esta \u00abnivelaci\u00f3n\u00bb con los pa\u00edses vecinos permitir\u00e1 a Bolivia cumplir con est\u00e1ndares internacionales de calidad y seguridad alimentaria, abriendo nuevas puertas para el comercio exterior de productos agr\u00edcolas bolivianos.<\/p>\n<p style=\"text-align: justify;\">Formaci\u00f3n cient\u00edfica nacional<\/p>\n<p style=\"text-align: justify;\">El proyecto nuclear boliviano, que ya lleva aproximadamente siete a\u00f1os de implementaci\u00f3n, ha permitido la formaci\u00f3n de talento local. \u00abSe ha empezado a la formaci\u00f3n de masa cr\u00edtica, que son nuestros j\u00f3venes cient\u00edficos, t\u00e9cnicos, tanto de la parte tecnol\u00f3gica, ingenieros, como cient\u00edficos de la parte de ciencias puras, que son los que hoy por hoy est\u00e1n operando las instalaciones que tenemos ya operativas\u00bb, destac\u00f3 Jim\u00e9nez.<\/p>\n<p style=\"text-align: justify;\">La directora de la ABEN resalt\u00f3 la importancia de \u00abarticular todas nuestras posibilidades cient\u00edficas, no solo desde el \u00e1mbito estatal productivo, sino tambi\u00e9n del \u00e1mbito acad\u00e9mico\u00bb. El objetivo es crear una comunidad cient\u00edfica nacional con un \u00ablineamiento claro de las necesidades cient\u00edficas que necesita el pa\u00eds para su desarrollo\u00bb.<\/p>\n<p style=\"text-align: justify;\">Impacto socioecon\u00f3mico<\/p>\n<p style=\"text-align: justify;\">El presidente Luis Arce destac\u00f3 en sus redes sociales que esta innovaci\u00f3n permitir\u00e1 \u00abdisminuir las p\u00e9rdidas en la producci\u00f3n de frutas y hortalizas en departamentos como Cochabamba, Santa Cruz, La Paz, Tarija, Chuquisaca y Potos\u00ed, mejorando la disponibilidad de alimentos y los ingresos de nuestros agricultores\u00bb.<\/p>\n<p style=\"text-align: justify;\">Asimismo, se\u00f1al\u00f3 que \u00abesta t\u00e9cnica reduce la dependencia de pesticidas qu\u00edmicos, protegiendo nuestra biodiversidad y salud\u00bb, mientras se abren \u00abnuevas oportunidades para la exportaci\u00f3n de productos agr\u00edcolas bolivianos\u00bb.<\/p>\n","protected":false},"excerpt":{"rendered":"<p>La Agencia Boliviana de Energ\u00eda Nuclear (ABEN) logr\u00f3 completar el primer proceso de esterilizaci\u00f3n de insectos en el Centro Multiprop\u00f3sito de Irradiaci\u00f3n (CMI) de El Alto, marcando un hito hist\u00f3rico en la aplicaci\u00f3n de tecnolog\u00eda nuclear con fines agr\u00edcolas y de salud p\u00fablica en Bolivia. Hortensia Jim\u00e9nez, directora general ejecutiva de la ABEN, explica los [&hellip;]<\/p>\n","protected":false},"author":2,"featured_media":76034,"comment_status":"closed","ping_status":"open","sticky":false,"template":"","format":"standard","meta":{"footnotes":""},"categories":[39,44,48],"tags":[],"class_list":{"0":"post-76033","1":"post","2":"type-post","3":"status-publish","4":"format-standard","5":"has-post-thumbnail","7":"category-energia","8":"category-portada-energia","9":"category-portada-general-sitio"},"_links":{"self":[{"href":"https:\/\/jms.com.bo\/mediamonitor\/wp-json\/wp\/v2\/posts\/76033","targetHints":{"allow":["GET"]}}],"collection":[{"href":"https:\/\/jms.com.bo\/mediamonitor\/wp-json\/wp\/v2\/posts"}],"about":[{"href":"https:\/\/jms.com.bo\/mediamonitor\/wp-json\/wp\/v2\/types\/post"}],"author":[{"embeddable":true,"href":"https:\/\/jms.com.bo\/mediamonitor\/wp-json\/wp\/v2\/users\/2"}],"replies":[{"embeddable":true,"href":"https:\/\/jms.com.bo\/mediamonitor\/wp-json\/wp\/v2\/comments?post=76033"}],"version-history":[{"count":0,"href":"https:\/\/jms.com.bo\/mediamonitor\/wp-json\/wp\/v2\/posts\/76033\/revisions"}],"wp:featuredmedia":[{"embeddable":true,"href":"https:\/\/jms.com.bo\/mediamonitor\/wp-json\/wp\/v2\/media\/76034"}],"wp:attachment":[{"href":"https:\/\/jms.com.bo\/mediamonitor\/wp-json\/wp\/v2\/media?parent=76033"}],"wp:term":[{"taxonomy":"category","embeddable":true,"href":"https:\/\/jms.com.bo\/mediamonitor\/wp-json\/wp\/v2\/categories?post=76033"},{"taxonomy":"post_tag","embeddable":true,"href":"https:\/\/jms.com.bo\/mediamonitor\/wp-json\/wp\/v2\/tags?post=76033"}],"curies":[{"name":"wp","href":"https:\/\/api.w.org\/{rel}","templated":true}]}}