{"id":76045,"date":"2025-04-25T06:16:35","date_gmt":"2025-04-25T10:16:35","guid":{"rendered":"https:\/\/jms.com.bo\/mediamonitor\/2025\/04\/25\/gobierno-y-carniceros-declaran-cuarto-intermedio-hasta-el-lunes\/"},"modified":"2025-04-25T06:16:35","modified_gmt":"2025-04-25T10:16:35","slug":"gobierno-y-carniceros-declaran-cuarto-intermedio-hasta-el-lunes","status":"publish","type":"post","link":"https:\/\/jms.com.bo\/mediamonitor\/2025\/04\/25\/gobierno-y-carniceros-declaran-cuarto-intermedio-hasta-el-lunes\/","title":{"rendered":"Gobierno y carniceros declaran cuarto intermedio hasta el lunes"},"content":{"rendered":"<p style=\"text-align: justify;\">La reuni\u00f3n entre el Gobierno y los carniceros, para buscar una rebaja de los precios de la carne vacuna, termin\u00f3 este jueves por la tarde con la declaratoria de cuarto intermedio hasta el lunes 28 de abril.<\/p>\n<p style=\"text-align: justify;\">Los representantes de la Confederaci\u00f3n Nacional de Trabajadores en Carne de Bolivia (Contracabol) hab\u00edan ingresado a la reuni\u00f3n por la ma\u00f1ana, con la premisa de que el Gobierno deb\u00eda emitir un decreto que paralice las exportaciones de carne por lo menos tres a\u00f1os, adem\u00e1s de exigir un control estricto en las fronteras, para evitar el contrabando de la prote\u00edna animal.<\/p>\n<p style=\"text-align: justify;\">En el di\u00e1logo participaron el ministro de Desarrollo Rural y Tierras, Yamil Flores; el ministro de Desarrollo Productivo y Econom\u00eda Plural, Zen\u00f3n Mamani; el ministro de Justicia, C\u00e9sar Siles; y viceministros del Comit\u00e9 de Seguridad Alimentaria.<\/p>\n<p style=\"text-align: justify;\">\u201cEl sector c\u00e1rnico solicita una documentaci\u00f3n que les garantice la situaci\u00f3n; quieren un decreto supremo que permita que el veto contin\u00fae\u201d, explic\u00f3 el ministro Flores, quien adem\u00e1s afirm\u00f3 que \u201cpor ahora ese tema est\u00e1 cerrado\u201d, en referencia a las exportaciones. Indic\u00f3 tambi\u00e9n que el Gobierno est\u00e1 implementando sistemas digitales m\u00e1s seguros para mejorar el control del mercado y evitar irregularidades.<\/p>\n<p style=\"text-align: justify;\">El Gobierno suspendi\u00f3 las exportaciones de carne hace 80 d\u00edas, con el objetivo de logar una rebaja en los precios del kilo gancho en los mercados del pa\u00eds. Sin embargo, la medida no ha logrado los resultados esperados y los precios al consumidor final contin\u00faan elevados, desde Bs 50 en Santa Cruz, hasta Bs 60 en La Paz.<\/p>\n<p style=\"text-align: justify;\">Del otro lado, los ganaderos exigen el levantamiento del veto a las exportaciones, lo que permitir\u00e1 el ingreso de divisas para el pa\u00eds. El Ejecutivo ha reiterado que esta posibilidad solo se evaluar\u00e1 una vez se garantice el abastecimiento interno y se logren precios accesibles para la poblaci\u00f3n.<\/p>\n","protected":false},"excerpt":{"rendered":"<p>La reuni\u00f3n entre el Gobierno y los carniceros, para buscar una rebaja de los precios de la carne vacuna, termin\u00f3 este jueves por la tarde con la declaratoria de cuarto intermedio hasta el lunes 28 de abril. Los representantes de la Confederaci\u00f3n Nacional de Trabajadores en Carne de Bolivia (Contracabol) hab\u00edan ingresado a la reuni\u00f3n [&hellip;]<\/p>\n","protected":false},"author":2,"featured_media":76046,"comment_status":"closed","ping_status":"open","sticky":false,"template":"","format":"standard","meta":{"footnotes":""},"categories":[57],"tags":[],"class_list":{"0":"post-76045","1":"post","2":"type-post","3":"status-publish","4":"format-standard","5":"has-post-thumbnail","7":"category-alimentos-y-agroindustria"},"_links":{"self":[{"href":"https:\/\/jms.com.bo\/mediamonitor\/wp-json\/wp\/v2\/posts\/76045","targetHints":{"allow":["GET"]}}],"collection":[{"href":"https:\/\/jms.com.bo\/mediamonitor\/wp-json\/wp\/v2\/posts"}],"about":[{"href":"https:\/\/jms.com.bo\/mediamonitor\/wp-json\/wp\/v2\/types\/post"}],"author":[{"embeddable":true,"href":"https:\/\/jms.com.bo\/mediamonitor\/wp-json\/wp\/v2\/users\/2"}],"replies":[{"embeddable":true,"href":"https:\/\/jms.com.bo\/mediamonitor\/wp-json\/wp\/v2\/comments?post=76045"}],"version-history":[{"count":0,"href":"https:\/\/jms.com.bo\/mediamonitor\/wp-json\/wp\/v2\/posts\/76045\/revisions"}],"wp:featuredmedia":[{"embeddable":true,"href":"https:\/\/jms.com.bo\/mediamonitor\/wp-json\/wp\/v2\/media\/76046"}],"wp:attachment":[{"href":"https:\/\/jms.com.bo\/mediamonitor\/wp-json\/wp\/v2\/media?parent=76045"}],"wp:term":[{"taxonomy":"category","embeddable":true,"href":"https:\/\/jms.com.bo\/mediamonitor\/wp-json\/wp\/v2\/categories?post=76045"},{"taxonomy":"post_tag","embeddable":true,"href":"https:\/\/jms.com.bo\/mediamonitor\/wp-json\/wp\/v2\/tags?post=76045"}],"curies":[{"name":"wp","href":"https:\/\/api.w.org\/{rel}","templated":true}]}}