{"id":76569,"date":"2025-05-14T07:16:41","date_gmt":"2025-05-14T11:16:41","guid":{"rendered":"https:\/\/jms.com.bo\/mediamonitor\/2025\/05\/14\/el-presidente-luis-arce-declina-su-candidatura-para-las-elecciones-generales\/"},"modified":"2025-05-14T07:16:41","modified_gmt":"2025-05-14T11:16:41","slug":"el-presidente-luis-arce-declina-su-candidatura-para-las-elecciones-generales","status":"publish","type":"post","link":"https:\/\/jms.com.bo\/mediamonitor\/2025\/05\/14\/el-presidente-luis-arce-declina-su-candidatura-para-las-elecciones-generales\/","title":{"rendered":"El presidente Luis Arce declina su candidatura para las elecciones generales"},"content":{"rendered":"<p style=\"text-align: justify;\">El presidente Luis Arce Catacora anunci\u00f3 este martes su decisi\u00f3n de declinar su candidatura a las elecciones nacionales del 17 de agosto, argumentando que no desea convertirse en un factor de divisi\u00f3n dentro del campo popular y del Movimiento al Socialismo (MAS). En un mensaje cargado de simbolismo pol\u00edtico e ideol\u00f3gico, afirm\u00f3 que prioriza la unidad de las fuerzas progresistas frente a una amenaza que calific\u00f3 de \u201cfascista e imperialista\u201d.<\/p>\n<p style=\"text-align: justify;\">\u201cHe tomado la decisi\u00f3n de seguir junto al pueblo desde el lugar que me toque seguir luchando. Honrando la memoria de los h\u00e9roes, doy a conocer con absoluta firmeza mi decisi\u00f3n de declinar mi candidatura. No ser\u00e9 un factor de divisi\u00f3n\u201d, sostuvo.<\/p>\n<p style=\"text-align: justify;\">Arce record\u00f3 que desde el 18 de diciembre de 2024 ha planteado reiteradamente la necesidad de forjar un bloque de unidad entre el MAS y otras fuerzas de izquierda, no alrededor de personas, sino de un programa m\u00ednimo com\u00fan. Lament\u00f3 que sus llamados no hayan prosperado, pero sostuvo que a\u00fan hay tiempo para atender \u201clas exigencias de la historia\u201d.<\/p>\n<p style=\"text-align: justify;\">\u201cNo puede ser nuestro destino dividirnos ni pelearnos. Estamos llamados a dejar de ver a nuestros compa\u00f1eros como adversarios. El enemigo es el imperialismo, el fascismo\u201d, se\u00f1al\u00f3, en alusi\u00f3n a lo que considera una disputa crucial entre quienes defienden el Estado Plurinacional y quienes, seg\u00fan \u00e9l, pretenden restaurar el modelo neoliberal.<\/p>\n<p style=\"text-align: justify;\">En un mensaje directo a Evo Morales, el presidente lanz\u00f3 un desaf\u00edo: \u201cLe pido a Evo que no insista en su candidatura, porque constitucionalmente no puede serlo\u201d. Tambi\u00e9n llam\u00f3 al presidente del Senado, Andr\u00f3nico Rodr\u00edguez, a mantener la coherencia con su llamado a la unidad expresado en su proclamaci\u00f3n en Oruro. \u201cLa unidad no debe ser solo una forma jur\u00eddica o burocr\u00e1tica, debe ser una convicci\u00f3n real\u201d, remarc\u00f3.<\/p>\n<p style=\"text-align: justify;\">Arce reiter\u00f3 que, tras su decisi\u00f3n de no postularse, se enfocar\u00e1 plenamente en la administraci\u00f3n del pa\u00eds. \u201cNos vamos a dedicar a la gesti\u00f3n, y esperamos que la Asamblea, ahora que no soy candidato, cumpla con el clamor del pueblo y apruebe las leyes de financiamiento\u201d, expres\u00f3, haciendo referencia a los cr\u00e9ditos paralizados por la pugna pol\u00edtica interna.<\/p>\n<p style=\"text-align: justify;\">El mandatario hizo \u00e9nfasis en que las elecciones de agosto no solo definir\u00e1n un binomio o esca\u00f1os legislativos, sino que est\u00e1 en juego el futuro del pueblo boliviano y la continuidad del proceso de cambio.<\/p>\n<p style=\"text-align: justify;\">\u201cEl proyecto pol\u00edtico est\u00e1 por encima de cualquier persona. No podemos poner en riesgo el porvenir de la sociedad por apetitos personales. No estoy dispuesto a incurrir en errores. No puede haber un dirigente cuyos intereses est\u00e9n por encima del pueblo\u201d, advirti\u00f3.<\/p>\n<p style=\"text-align: justify;\">Inspirado en la figura de Marcelo Quiroga Santa Cruz, Arce reafirm\u00f3 que su compromiso de m\u00e1s de 40 a\u00f1os de militancia con las causas del pueblo sigue intacto. \u201cMarcelo es de los imprescindibles. Aprend\u00ed de \u00e9l a no desapegarme un mil\u00edmetro del proyecto, a no negociar nuestros principios\u201d, sostuvo.<\/p>\n","protected":false},"excerpt":{"rendered":"<p>El presidente Luis Arce Catacora anunci\u00f3 este martes su decisi\u00f3n de declinar su candidatura a las elecciones nacionales del 17 de agosto, argumentando que no desea convertirse en un factor de divisi\u00f3n dentro del campo popular y del Movimiento al Socialismo (MAS). En un mensaje cargado de simbolismo pol\u00edtico e ideol\u00f3gico, afirm\u00f3 que prioriza la [&hellip;]<\/p>\n","protected":false},"author":2,"featured_media":76570,"comment_status":"closed","ping_status":"open","sticky":false,"template":"","format":"standard","meta":{"footnotes":""},"categories":[18,48,46],"tags":[],"class_list":{"0":"post-76569","1":"post","2":"type-post","3":"status-publish","4":"format-standard","5":"has-post-thumbnail","7":"category-politica","8":"category-portada-general-sitio","9":"category-portada-politica"},"_links":{"self":[{"href":"https:\/\/jms.com.bo\/mediamonitor\/wp-json\/wp\/v2\/posts\/76569","targetHints":{"allow":["GET"]}}],"collection":[{"href":"https:\/\/jms.com.bo\/mediamonitor\/wp-json\/wp\/v2\/posts"}],"about":[{"href":"https:\/\/jms.com.bo\/mediamonitor\/wp-json\/wp\/v2\/types\/post"}],"author":[{"embeddable":true,"href":"https:\/\/jms.com.bo\/mediamonitor\/wp-json\/wp\/v2\/users\/2"}],"replies":[{"embeddable":true,"href":"https:\/\/jms.com.bo\/mediamonitor\/wp-json\/wp\/v2\/comments?post=76569"}],"version-history":[{"count":0,"href":"https:\/\/jms.com.bo\/mediamonitor\/wp-json\/wp\/v2\/posts\/76569\/revisions"}],"wp:featuredmedia":[{"embeddable":true,"href":"https:\/\/jms.com.bo\/mediamonitor\/wp-json\/wp\/v2\/media\/76570"}],"wp:attachment":[{"href":"https:\/\/jms.com.bo\/mediamonitor\/wp-json\/wp\/v2\/media?parent=76569"}],"wp:term":[{"taxonomy":"category","embeddable":true,"href":"https:\/\/jms.com.bo\/mediamonitor\/wp-json\/wp\/v2\/categories?post=76569"},{"taxonomy":"post_tag","embeddable":true,"href":"https:\/\/jms.com.bo\/mediamonitor\/wp-json\/wp\/v2\/tags?post=76569"}],"curies":[{"name":"wp","href":"https:\/\/api.w.org\/{rel}","templated":true}]}}