{"id":76577,"date":"2025-05-14T07:23:28","date_gmt":"2025-05-14T11:23:28","guid":{"rendered":"https:\/\/jms.com.bo\/mediamonitor\/2025\/05\/14\/el-dolar-paralelo-toca-los-bs-1645-y-luego-retrocede-a-bs-15-en-un-mercado-aun-tensionado\/"},"modified":"2025-05-14T07:23:28","modified_gmt":"2025-05-14T11:23:28","slug":"el-dolar-paralelo-toca-los-bs-1645-y-luego-retrocede-a-bs-15-en-un-mercado-aun-tensionado","status":"publish","type":"post","link":"https:\/\/jms.com.bo\/mediamonitor\/2025\/05\/14\/el-dolar-paralelo-toca-los-bs-1645-y-luego-retrocede-a-bs-15-en-un-mercado-aun-tensionado\/","title":{"rendered":"El d\u00f3lar paralelo toca los Bs 16,45 y luego retrocede a Bs 15 en un mercado a\u00fan tensionado"},"content":{"rendered":"<p style=\"text-align: justify;\">La cotizaci\u00f3n del d\u00f3lar en el mercado paralelo boliviano volvi\u00f3 a acaparar la atenci\u00f3n este martes tras alcanzar un nuevo m\u00e1ximo 16,45 bolivianos por unidad, seg\u00fan plataformas digitales. Pero m\u00e1s tarde, la divisa estadounidense retrocedi\u00f3 a la baja, situ\u00e1ndose en torno a Bs 15, seg\u00fan reportes de casas de cambio informales y plataformas digitales de intercambio.<\/p>\n<p style=\"text-align: justify;\">El repunte hasta los Bs 16,45 representa uno de los niveles m\u00e1s alto desde que comenz\u00f3 a operar de forma masiva el mercado paralelo en Bolivia a inicios de 2023, impulsado por la creciente escasez de d\u00f3lares en el sistema bancario y la limitada oferta oficial de divisas por parte del Banco Central de Bolivia (BCB), por la escasez de las Reservas Internacionales Netas (RIN).<\/p>\n<p style=\"text-align: justify;\">Desde entonces, el d\u00f3lar paralelo ha mantenido una tendencia ascendente, reflejando una demanda insatisfecha de divisas por parte de importadores, empresas y ciudadanos. Mientras tanto, el tipo de cambio oficial sigue anclado en Bs 6,96 para la compra y Bs 6,86 para la venta, una pol\u00edtica de estabilidad cambiaria que el Gobierno ha defendido como un \u201cancla antiinflacionaria\u201d, pero que cada vez genera m\u00e1s presi\u00f3n sobre las reservas internacionales.<\/p>\n<p style=\"text-align: justify;\">La diferencia entre el tipo de cambio oficial y el paralelo \u2014una brecha cambiaria que ha superado el 130% en los picos m\u00e1s altos\u2014 ha generado distorsiones en el comercio, especulaci\u00f3n y un mercado negro cada vez m\u00e1s activo. Analistas coinciden en que la falta de medidas estructurales para recuperar la confianza y abastecer el mercado formal podr\u00eda mantener la volatilidad en los pr\u00f3ximos meses.<\/p>\n<p style=\"text-align: justify;\">Diversos sectores econ\u00f3micos, en especial los importadores, denuncian que acceder a d\u00f3lares mediante canales oficiales contin\u00faa siendo dif\u00edcil, lo que obliga a acudir al mercado paralelo, donde las cotizaciones son determinadas por la oferta y la demanda. A esto se suma una menor oferta de divisas por exportaciones y un entorno externo m\u00e1s adverso para las econom\u00edas emergentes.<\/p>\n<p style=\"text-align: justify;\">El Gobierno ha anunciado en varias ocasiones medidas para mejorar la liquidez en moneda extranjera, pero hasta ahora estas acciones no han logrado contener del todo el crecimiento del mercado paralelo.<\/p>\n<p style=\"text-align: justify;\">\n","protected":false},"excerpt":{"rendered":"<p>La cotizaci\u00f3n del d\u00f3lar en el mercado paralelo boliviano volvi\u00f3 a acaparar la atenci\u00f3n este martes tras alcanzar un nuevo m\u00e1ximo 16,45 bolivianos por unidad, seg\u00fan plataformas digitales. Pero m\u00e1s tarde, la divisa estadounidense retrocedi\u00f3 a la baja, situ\u00e1ndose en torno a Bs 15, seg\u00fan reportes de casas de cambio informales y plataformas digitales de [&hellip;]<\/p>\n","protected":false},"author":2,"featured_media":76578,"comment_status":"closed","ping_status":"open","sticky":false,"template":"","format":"standard","meta":{"footnotes":""},"categories":[25,45,48],"tags":[],"class_list":{"0":"post-76577","1":"post","2":"type-post","3":"status-publish","4":"format-standard","5":"has-post-thumbnail","7":"category-economia","8":"category-portada-economia","9":"category-portada-general-sitio"},"_links":{"self":[{"href":"https:\/\/jms.com.bo\/mediamonitor\/wp-json\/wp\/v2\/posts\/76577","targetHints":{"allow":["GET"]}}],"collection":[{"href":"https:\/\/jms.com.bo\/mediamonitor\/wp-json\/wp\/v2\/posts"}],"about":[{"href":"https:\/\/jms.com.bo\/mediamonitor\/wp-json\/wp\/v2\/types\/post"}],"author":[{"embeddable":true,"href":"https:\/\/jms.com.bo\/mediamonitor\/wp-json\/wp\/v2\/users\/2"}],"replies":[{"embeddable":true,"href":"https:\/\/jms.com.bo\/mediamonitor\/wp-json\/wp\/v2\/comments?post=76577"}],"version-history":[{"count":0,"href":"https:\/\/jms.com.bo\/mediamonitor\/wp-json\/wp\/v2\/posts\/76577\/revisions"}],"wp:featuredmedia":[{"embeddable":true,"href":"https:\/\/jms.com.bo\/mediamonitor\/wp-json\/wp\/v2\/media\/76578"}],"wp:attachment":[{"href":"https:\/\/jms.com.bo\/mediamonitor\/wp-json\/wp\/v2\/media?parent=76577"}],"wp:term":[{"taxonomy":"category","embeddable":true,"href":"https:\/\/jms.com.bo\/mediamonitor\/wp-json\/wp\/v2\/categories?post=76577"},{"taxonomy":"post_tag","embeddable":true,"href":"https:\/\/jms.com.bo\/mediamonitor\/wp-json\/wp\/v2\/tags?post=76577"}],"curies":[{"name":"wp","href":"https:\/\/api.w.org\/{rel}","templated":true}]}}