{"id":76590,"date":"2025-05-14T07:39:21","date_gmt":"2025-05-14T11:39:21","guid":{"rendered":"https:\/\/jms.com.bo\/mediamonitor\/2025\/05\/14\/jubileo-alerta-que-el-pais-enfila-a-importar-glp-en-2026-y-gas-natural-en-el-2028\/"},"modified":"2025-05-14T07:39:21","modified_gmt":"2025-05-14T11:39:21","slug":"jubileo-alerta-que-el-pais-enfila-a-importar-glp-en-2026-y-gas-natural-en-el-2028","status":"publish","type":"post","link":"https:\/\/jms.com.bo\/mediamonitor\/2025\/05\/14\/jubileo-alerta-que-el-pais-enfila-a-importar-glp-en-2026-y-gas-natural-en-el-2028\/","title":{"rendered":"Jubileo alerta que el pa\u00eds enfila a importar GLP en 2026 y gas natural en el 2028"},"content":{"rendered":"<p style=\"text-align: justify;\">El creciente declive de la producci\u00f3n hidrocarbur\u00edfera y la dependencia del consumo energ\u00e9tico en m\u00e1s de 80 % de fuentes f\u00f3siles enfilan al pa\u00eds que se vea obligado a importar Gas Licuado de Petr\u00f3leo (GLP) desde el pr\u00f3ximo a\u00f1o y gas natural desde el 2028, alerta la fundaci\u00f3n Jubileo en una reciente publicaci\u00f3n.<\/p>\n<p style=\"text-align: justify;\">\u00abDe seguir esta tendencia, y si no se descubren al menos tres yacimientos de gran magnitud, el pa\u00eds se ver\u00e1 forzado a importar una parte del gas natural que demanda el mercado interno para el a\u00f1o 2028\u00bb, remarca la instituci\u00f3n en su informe.<\/p>\n<p style=\"text-align: justify;\">A marzo de este a\u00f1o, la producci\u00f3n de gas natural cay\u00f3 un 53 % en comparaci\u00f3n al promedio de la gesti\u00f3n 2015.<\/p>\n<p style=\"text-align: justify;\">El a\u00f1o pasado, el 66 % de la generaci\u00f3n de electricidad era por termoel\u00e9ctricas que usan como insumo el gas natural. Incluso se supera el 70 % en horas pico, seg\u00fan la fundaci\u00f3n.<\/p>\n<p style=\"text-align: justify;\">En el 2020 la generaci\u00f3n mediante hidroel\u00e9ctricas representaba el 55 % del total, pero hoy equivale al 24 %.<\/p>\n<p style=\"text-align: justify;\">En los \u00faltimos a\u00f1os se impulso la generaci\u00f3n por fuentes no convencionales como la e\u00f3lica y solar, pero solo representan el 7 %.<\/p>\n<p style=\"text-align: justify;\">Da\u00f1o colateral. Jubileo cita adem\u00e1s datos del Balance Energ\u00e9tico Nacional que publica el gobierno del a\u00f1o 2023 en el que se menciona que el 72 % del GLP sal\u00eda de las plantas separadoras de l\u00edquidos que lo extra\u00edan de las corrientes de gas natural que se exportaba a Brasil y Argentina.<\/p>\n<p style=\"text-align: justify;\">Pero ya se cerr\u00f3 el mercado a Argentino y las ventas a Brasil mermaron un 55 % en comparaci\u00f3n a una d\u00e9cada atr\u00e1s.<\/p>\n<p style=\"text-align: justify;\">Esta situaci\u00f3n hace que las plantas separadoras operen a menor capacidad lo que pone en riesgo la autosuficiencia de Bolivia para abastecer GLP al mercado interno. \u00abCon la crisis actual, la perspectiva es que para el a\u00f1o 2026 el pa\u00eds deba importar una parte del GLP que se consume\u00bb, remarca Jubileo en el documento.<\/p>\n<p style=\"text-align: justify;\">Hace unos meses, por primera vez en a\u00f1os se registraron filas durante algunos d\u00edas en ciudades y provincias de La Paz y Santa Cruz por GLP. Entonces el gobierno se\u00f1al\u00f3 que hay suficiente producto e incluso increment\u00f3 los vol\u00famenes de despacho.<\/p>\n","protected":false},"excerpt":{"rendered":"<p>El creciente declive de la producci\u00f3n hidrocarbur\u00edfera y la dependencia del consumo energ\u00e9tico en m\u00e1s de 80 % de fuentes f\u00f3siles enfilan al pa\u00eds que se vea obligado a importar Gas Licuado de Petr\u00f3leo (GLP) desde el pr\u00f3ximo a\u00f1o y gas natural desde el 2028, alerta la fundaci\u00f3n Jubileo en una reciente publicaci\u00f3n. \u00abDe seguir [&hellip;]<\/p>\n","protected":false},"author":2,"featured_media":76591,"comment_status":"closed","ping_status":"open","sticky":false,"template":"","format":"standard","meta":{"footnotes":""},"categories":[48,43],"tags":[],"class_list":{"0":"post-76590","1":"post","2":"type-post","3":"status-publish","4":"format-standard","5":"has-post-thumbnail","7":"category-portada-general-sitio","8":"category-portada-oil-gas"},"_links":{"self":[{"href":"https:\/\/jms.com.bo\/mediamonitor\/wp-json\/wp\/v2\/posts\/76590","targetHints":{"allow":["GET"]}}],"collection":[{"href":"https:\/\/jms.com.bo\/mediamonitor\/wp-json\/wp\/v2\/posts"}],"about":[{"href":"https:\/\/jms.com.bo\/mediamonitor\/wp-json\/wp\/v2\/types\/post"}],"author":[{"embeddable":true,"href":"https:\/\/jms.com.bo\/mediamonitor\/wp-json\/wp\/v2\/users\/2"}],"replies":[{"embeddable":true,"href":"https:\/\/jms.com.bo\/mediamonitor\/wp-json\/wp\/v2\/comments?post=76590"}],"version-history":[{"count":0,"href":"https:\/\/jms.com.bo\/mediamonitor\/wp-json\/wp\/v2\/posts\/76590\/revisions"}],"wp:featuredmedia":[{"embeddable":true,"href":"https:\/\/jms.com.bo\/mediamonitor\/wp-json\/wp\/v2\/media\/76591"}],"wp:attachment":[{"href":"https:\/\/jms.com.bo\/mediamonitor\/wp-json\/wp\/v2\/media?parent=76590"}],"wp:term":[{"taxonomy":"category","embeddable":true,"href":"https:\/\/jms.com.bo\/mediamonitor\/wp-json\/wp\/v2\/categories?post=76590"},{"taxonomy":"post_tag","embeddable":true,"href":"https:\/\/jms.com.bo\/mediamonitor\/wp-json\/wp\/v2\/tags?post=76590"}],"curies":[{"name":"wp","href":"https:\/\/api.w.org\/{rel}","templated":true}]}}