{"id":76610,"date":"2025-05-15T07:07:23","date_gmt":"2025-05-15T11:07:23","guid":{"rendered":"https:\/\/jms.com.bo\/mediamonitor\/2025\/05\/15\/por-las-buenas-o-a-las-malas-evo-sera-candidato-advierten-desde-lauca-n\/"},"modified":"2025-05-15T07:07:23","modified_gmt":"2025-05-15T11:07:23","slug":"por-las-buenas-o-a-las-malas-evo-sera-candidato-advierten-desde-lauca-n","status":"publish","type":"post","link":"https:\/\/jms.com.bo\/mediamonitor\/2025\/05\/15\/por-las-buenas-o-a-las-malas-evo-sera-candidato-advierten-desde-lauca-n\/","title":{"rendered":"\u201cPor las buenas o a las malas\u201d Evo ser\u00e1 candidato, advierten desde Lauca \u00d1"},"content":{"rendered":"<p style=\"text-align: justify;\">Las organizaciones sociales \u201cevistas\u201d ratificaron este mi\u00e9rcoles que comenzar\u00e1n una marcha hacia la sede de gobierno para inscribir a Evo Morales \u201cpor las buenas o por las malas\u201d como candidato a la presidencia.<\/p>\n<p style=\"text-align: justify;\">La posici\u00f3n fue fijada despu\u00e9s de conocer que el Tribunal Constitucional Plurinacional (TCP) emiti\u00f3 un fallo que establece que nadie puede ejercer la presidencia en m\u00e1s de dos ocasiones ya sea de manera continua o discontinua.<\/p>\n<p style=\"text-align: justify;\">La sentencia pondr\u00eda en riesgo la posible candidatura del exmandatario, sin embargo, para los seguidores del exmandatario, Morales se encuentra habilitado para participar de las elecciones generale del 17 de agosto.<\/p>\n<p style=\"text-align: justify;\">\u201cAhora s\u00ed lleg\u00f3 el momento de enfrentarse, en su tiempo lo dije: por las buenas o a las malas se inscribe el comandante Evo como candidato \u00fanico para salvar por segunda vez a Bolivia\u201d, afirm\u00f3 el dirigente de Confederaci\u00f3n Sindical \u00danica de Trabajadores Campesinos de Bolivia (CSUTCB) \u201cevista\u201d, Ponciano Santos.<\/p>\n<p style=\"text-align: justify;\">Para concretar la inscripci\u00f3n de Morales, ratific\u00f3 que el jueves 16 de mayo, desde la localidad de Lauca \u00d1, ubicado en el tr\u00f3pico de Cochanamba, comenzar\u00e1 la movilizaci\u00f3n rumbo a la sede de gobierno.<\/p>\n<p style=\"text-align: justify;\">Seg\u00fan Santos, ahora lleg\u00f3 la \u201cbatalla final\u201d contra el Gobierno de Luis Arce y de la oposici\u00f3n que buscan que Morales no participe de las elecciones.<\/p>\n<p style=\"text-align: justify;\">El dirigente intercultural \u201cevista\u201d, Enrique Mamani, afirm\u00f3 que las organizaciones sociales no dar\u00e1n \u201cun paso atr\u00e1s\u201d en las acciones que asumir\u00e1n de aqu\u00ed en adelante y que seguir\u00e1n en la lucha hasta consolidar que Morales sea el candidato a la presidencia.<\/p>\n<p style=\"text-align: justify;\">\u201cTarde o temprano este pueblo, las organizaciones sociales, van a despertar con el \u00fanico objetivo de que nuestro hermano Evo Morales Ayma tiene que entrar a la cancha para ser nuestro candidato presidencial 2025 &#8211; 2030\u201d, insisti\u00f3.<\/p>\n<p style=\"text-align: justify;\">A trav\u00e9s de sus redes sociales, Morales consider\u00f3 que la sentencia 007\/2025 del TCP vulnera el art\u00edculo 168 de la Constituci\u00f3n Pol\u00edtica del Estado y anunci\u00f3 llevar a los tribunales internacionales a \u201ctodos aquellos que prevarican por razones pol\u00edticas y violan los derechos de los ciudadanos a ser electores y\/o ser elegidos en las urnas\u201d.<\/p>\n<p style=\"text-align: justify;\">La inscripci\u00f3n de candidatos para las elecciones generales, ante el Tribunal Supremo Electoral (TSE), comenz\u00f3 este mi\u00e9rcoles y se prev\u00e9 que concluya este tr\u00e1mite el 19 de mayo.<\/p>\n","protected":false},"excerpt":{"rendered":"<p>Las organizaciones sociales \u201cevistas\u201d ratificaron este mi\u00e9rcoles que comenzar\u00e1n una marcha hacia la sede de gobierno para inscribir a Evo Morales \u201cpor las buenas o por las malas\u201d como candidato a la presidencia. La posici\u00f3n fue fijada despu\u00e9s de conocer que el Tribunal Constitucional Plurinacional (TCP) emiti\u00f3 un fallo que establece que nadie puede ejercer [&hellip;]<\/p>\n","protected":false},"author":2,"featured_media":76611,"comment_status":"closed","ping_status":"open","sticky":false,"template":"","format":"standard","meta":{"footnotes":""},"categories":[18],"tags":[],"class_list":{"0":"post-76610","1":"post","2":"type-post","3":"status-publish","4":"format-standard","5":"has-post-thumbnail","7":"category-politica"},"_links":{"self":[{"href":"https:\/\/jms.com.bo\/mediamonitor\/wp-json\/wp\/v2\/posts\/76610","targetHints":{"allow":["GET"]}}],"collection":[{"href":"https:\/\/jms.com.bo\/mediamonitor\/wp-json\/wp\/v2\/posts"}],"about":[{"href":"https:\/\/jms.com.bo\/mediamonitor\/wp-json\/wp\/v2\/types\/post"}],"author":[{"embeddable":true,"href":"https:\/\/jms.com.bo\/mediamonitor\/wp-json\/wp\/v2\/users\/2"}],"replies":[{"embeddable":true,"href":"https:\/\/jms.com.bo\/mediamonitor\/wp-json\/wp\/v2\/comments?post=76610"}],"version-history":[{"count":0,"href":"https:\/\/jms.com.bo\/mediamonitor\/wp-json\/wp\/v2\/posts\/76610\/revisions"}],"wp:featuredmedia":[{"embeddable":true,"href":"https:\/\/jms.com.bo\/mediamonitor\/wp-json\/wp\/v2\/media\/76611"}],"wp:attachment":[{"href":"https:\/\/jms.com.bo\/mediamonitor\/wp-json\/wp\/v2\/media?parent=76610"}],"wp:term":[{"taxonomy":"category","embeddable":true,"href":"https:\/\/jms.com.bo\/mediamonitor\/wp-json\/wp\/v2\/categories?post=76610"},{"taxonomy":"post_tag","embeddable":true,"href":"https:\/\/jms.com.bo\/mediamonitor\/wp-json\/wp\/v2\/tags?post=76610"}],"curies":[{"name":"wp","href":"https:\/\/api.w.org\/{rel}","templated":true}]}}