{"id":76633,"date":"2025-05-16T07:19:54","date_gmt":"2025-05-16T11:19:54","guid":{"rendered":"https:\/\/jms.com.bo\/mediamonitor\/2025\/05\/16\/universidades-gobierno-debe-responder-hasta-hoy\/"},"modified":"2025-05-16T07:19:54","modified_gmt":"2025-05-16T11:19:54","slug":"universidades-gobierno-debe-responder-hasta-hoy","status":"publish","type":"post","link":"https:\/\/jms.com.bo\/mediamonitor\/2025\/05\/16\/universidades-gobierno-debe-responder-hasta-hoy\/","title":{"rendered":"Universidades: Gobierno debe responder hasta hoy"},"content":{"rendered":"<p style=\"text-align: justify;\">Este viernes 16 de mayo vence el plazo otorgado por el sistema universitario boliviano al Gobierno para concertar una audiencia con la finalidad de abordar su demanda presupuestaria debido a que la crisis econ\u00f3mica pone en riesgo el funcionamiento de las universidades del pa\u00eds. En caso de no recibir ninguna respuesta, iniciar\u00e1n movilizaciones a nivel nacional.<\/p>\n<p style=\"text-align: justify;\">El pasado 23 de abril, luego de una conferencia nacional desarrollada en Sucre, eI Comit\u00e9 Ejecutivo de la Universidad Boliviana (CEUB) present\u00f3 al Ministerio de Econom\u00eda y Finanzas P\u00fablicas un documento en el que detallan la \u201cDemanda Presupuestaria 2025\u201d de las casas de estudios superiores.<\/p>\n<p style=\"text-align: justify;\">All\u00ed, los rectores de forma un\u00e1nime expresaron su preocupaci\u00f3n por la situaci\u00f3n cr\u00edtica que atraviesan las universidades en el aspecto econ\u00f3mico, al punto que si no hay una respuesta favorable del nivel central, podr\u00edan paralizar su funcionamiento antes de la conclusi\u00f3n de la gesti\u00f3n acad\u00e9mica.<\/p>\n<p style=\"text-align: justify;\">Ante el silencio del Ejecutivo, las universidades volvieron a reunirse el 5 de mayo, esta vez junto a la Confederaci\u00f3n Nacional de Docentes (CUD) y la Confederaci\u00f3n Universitaria Boliviana (CUB), y se declararon en estado de emergencia.<\/p>\n<p style=\"text-align: justify;\">COMUNCIADO<\/p>\n<p style=\"text-align: justify;\">Pese a la insistencia, no recibieron ninguna respuesta a la fecha, por lo que esta semana emitieron un comunicado en el que le dan plazo al Gobierno hasta este viernes para responder a su solicitud de audiencia y atender su demanda presupuestaria.<\/p>\n<p style=\"text-align: justify;\">\u201cEsta demanda responde a necesidades urgentes y estructurales que deben ser atendidas con prioridad, a fin de garantizar el funcionamiento adecuado de las universidades p\u00fablicas del pa\u00eds y la continuidad de sus funciones acad\u00e9micas, cient\u00edficas y sociales\u201d, reza parte del documento.<\/p>\n<p style=\"text-align: justify;\">\u201cDe no concretarse esta audiencia hasta el 16 de mayo de 2025, se dar\u00e1 inicio a movilizaciones en todos los departamentos del pa\u00eds, que culminar\u00e1n con una gran concentraci\u00f3n nacional en la sede de Gobierno. Estas acciones se llevar\u00e1n adelante en firme defensa del presupuesto universitario y el derecho a una educaci\u00f3n p\u00fablica, gratuita y de calidad\u201d, advierten en la parte final del comunicado.<\/p>\n<p style=\"text-align: justify;\">El rector de la Universidad San Francisco Xavier, Walter Ar\u00edzaga, inform\u00f3 a CORREO DEL SUR que hasta este jueves no recibieron ninguna respuesta y que esperar\u00e1n hasta este viernes.<\/p>\n<p style=\"text-align: justify;\">De no ser as\u00ed, dijo que inmediatamente las universidades se reunir\u00e1n para determinar directamente el tipo de movilizaciones y desde cu\u00e1ndo se ejecutar\u00e1n a nivel nacional.<\/p>\n<p style=\"text-align: justify;\">USFX<\/p>\n<p style=\"text-align: justify;\">El actual presupuesto de la Universidad San Francisco Xavier solo alcanzar\u00eda para su funcionamiento hasta septiembre, revel\u00f3 recientemente el rector Walter Ar\u00edzaga.<\/p>\n","protected":false},"excerpt":{"rendered":"<p>Este viernes 16 de mayo vence el plazo otorgado por el sistema universitario boliviano al Gobierno para concertar una audiencia con la finalidad de abordar su demanda presupuestaria debido a que la crisis econ\u00f3mica pone en riesgo el funcionamiento de las universidades del pa\u00eds. En caso de no recibir ninguna respuesta, iniciar\u00e1n movilizaciones a nivel [&hellip;]<\/p>\n","protected":false},"author":2,"featured_media":76634,"comment_status":"closed","ping_status":"open","sticky":false,"template":"","format":"standard","meta":{"footnotes":""},"categories":[49],"tags":[],"class_list":{"0":"post-76633","1":"post","2":"type-post","3":"status-publish","4":"format-standard","5":"has-post-thumbnail","7":"category-social"},"_links":{"self":[{"href":"https:\/\/jms.com.bo\/mediamonitor\/wp-json\/wp\/v2\/posts\/76633","targetHints":{"allow":["GET"]}}],"collection":[{"href":"https:\/\/jms.com.bo\/mediamonitor\/wp-json\/wp\/v2\/posts"}],"about":[{"href":"https:\/\/jms.com.bo\/mediamonitor\/wp-json\/wp\/v2\/types\/post"}],"author":[{"embeddable":true,"href":"https:\/\/jms.com.bo\/mediamonitor\/wp-json\/wp\/v2\/users\/2"}],"replies":[{"embeddable":true,"href":"https:\/\/jms.com.bo\/mediamonitor\/wp-json\/wp\/v2\/comments?post=76633"}],"version-history":[{"count":0,"href":"https:\/\/jms.com.bo\/mediamonitor\/wp-json\/wp\/v2\/posts\/76633\/revisions"}],"wp:featuredmedia":[{"embeddable":true,"href":"https:\/\/jms.com.bo\/mediamonitor\/wp-json\/wp\/v2\/media\/76634"}],"wp:attachment":[{"href":"https:\/\/jms.com.bo\/mediamonitor\/wp-json\/wp\/v2\/media?parent=76633"}],"wp:term":[{"taxonomy":"category","embeddable":true,"href":"https:\/\/jms.com.bo\/mediamonitor\/wp-json\/wp\/v2\/categories?post=76633"},{"taxonomy":"post_tag","embeddable":true,"href":"https:\/\/jms.com.bo\/mediamonitor\/wp-json\/wp\/v2\/tags?post=76633"}],"curies":[{"name":"wp","href":"https:\/\/api.w.org\/{rel}","templated":true}]}}