{"id":76635,"date":"2025-05-16T07:21:10","date_gmt":"2025-05-16T11:21:10","guid":{"rendered":"https:\/\/jms.com.bo\/mediamonitor\/2025\/05\/16\/choferes-advierten-con-movilizarse-por-mas-combustible\/"},"modified":"2025-05-16T07:21:10","modified_gmt":"2025-05-16T11:21:10","slug":"choferes-advierten-con-movilizarse-por-mas-combustible","status":"publish","type":"post","link":"https:\/\/jms.com.bo\/mediamonitor\/2025\/05\/16\/choferes-advierten-con-movilizarse-por-mas-combustible\/","title":{"rendered":"Choferes advierten con movilizarse por m\u00e1s combustible"},"content":{"rendered":"<p style=\"text-align: justify;\">La Confederaci\u00f3n Sindical de Choferes de Bolivia expres\u00f3, la ma\u00f1ana de este mi\u00e9rcoles. su \u201cprotesta en\u00e9rgica\u201d por las filas para comprar combustible y el incumplimiento de las autoridades de aumentar los vol\u00famenes de carburantes despachados. En ese marco, advirti\u00f3 al Gobierno con generar un conflicto para que se atienda al sector. A media tarde, conductores del transporte pesado bloquearon la v\u00eda La Paz-Oruro, report\u00f3 la Red Uno.<\/p>\n<p style=\"text-align: justify;\">\u201cCreo que (el Gobierno) necesita tener conflictos, creo que mediante el conflicto (se consigue) la soluci\u00f3n y por eso decimos al pueblo no se molesten si tomamos las decisiones correspondientes\u201d, manifest\u00f3 el ejecutivo de los choferes, Lucio G\u00f3mez.<\/p>\n<p style=\"text-align: justify;\">G\u00f3mez anunci\u00f3 que se consultar\u00e1 con la dirigencia si se toman medidas de presi\u00f3n y que la poblaci\u00f3n no deber\u00eda resentirse al respecto. \u201cEstamos haciendo contra el Gobierno, porque no podemos m\u00e1s tolerar este tema\u201d, dijo.<\/p>\n<p style=\"text-align: justify;\">El ejecutivo de los choferes denunci\u00f3 que nuevamente aparecieron las filas de veh\u00edculos por cuadras en busca de combustible.<\/p>\n<p style=\"text-align: justify;\">Eso hace inviable la actividad el transporte, porque los choferes no pueden cumplir los compromisos con las empresas ni planificar sus viajes, particularmente en el sector pesado internacional.<\/p>\n<p style=\"text-align: justify;\">Bloqueo en Achica Arriba<\/p>\n<p style=\"text-align: justify;\">Conductores del servicio de transporte pesado instalaron un punto de bloqueo en la carretera La Paz &#8211; Oruro, a la altura de Achica Arriba, donde cerraron la v\u00eda con sus motorizados exigiendo la dotaci\u00f3n de combustible para llegar a su destino, informa un despacho noticioso de la Red Uno de televisi\u00f3n emitido poco antes de las 16:30.<\/p>\n<p style=\"text-align: justify;\">Aseguran que son dos d\u00edas en que no pueden cargar di\u00e9sel a sus camiones y se ven bastante perjudicados.<\/p>\n<p style=\"text-align: justify;\">\u00abEstamos muy tristes, aparte porque debemos proveer a nuestras familias, de esa manera es que estamos tomando esta medida de bloqueo para que el gobierno se preocupe por el transportista\u00bb, dijo uno de los choferes.<\/p>\n<p style=\"text-align: justify;\">Se\u00f1alaron que son dos d\u00edas en que no pueden realizar la carga, y advirtieron con radicalizar su medida de presi\u00f3n en caso de no recibir una respuesta por parte de las autoridades.<\/p>\n<p style=\"text-align: justify;\">Indicaron, adem\u00e1s, que con el pasar del tiempo se van quedando sin recursos econ\u00f3micos, ya que deben prever gastos innecesarios mientras hacen largas filas.<\/p>\n","protected":false},"excerpt":{"rendered":"<p>La Confederaci\u00f3n Sindical de Choferes de Bolivia expres\u00f3, la ma\u00f1ana de este mi\u00e9rcoles. su \u201cprotesta en\u00e9rgica\u201d por las filas para comprar combustible y el incumplimiento de las autoridades de aumentar los vol\u00famenes de carburantes despachados. En ese marco, advirti\u00f3 al Gobierno con generar un conflicto para que se atienda al sector. A media tarde, conductores [&hellip;]<\/p>\n","protected":false},"author":2,"featured_media":76636,"comment_status":"closed","ping_status":"open","sticky":false,"template":"","format":"standard","meta":{"footnotes":""},"categories":[49],"tags":[],"class_list":{"0":"post-76635","1":"post","2":"type-post","3":"status-publish","4":"format-standard","5":"has-post-thumbnail","7":"category-social"},"_links":{"self":[{"href":"https:\/\/jms.com.bo\/mediamonitor\/wp-json\/wp\/v2\/posts\/76635","targetHints":{"allow":["GET"]}}],"collection":[{"href":"https:\/\/jms.com.bo\/mediamonitor\/wp-json\/wp\/v2\/posts"}],"about":[{"href":"https:\/\/jms.com.bo\/mediamonitor\/wp-json\/wp\/v2\/types\/post"}],"author":[{"embeddable":true,"href":"https:\/\/jms.com.bo\/mediamonitor\/wp-json\/wp\/v2\/users\/2"}],"replies":[{"embeddable":true,"href":"https:\/\/jms.com.bo\/mediamonitor\/wp-json\/wp\/v2\/comments?post=76635"}],"version-history":[{"count":0,"href":"https:\/\/jms.com.bo\/mediamonitor\/wp-json\/wp\/v2\/posts\/76635\/revisions"}],"wp:featuredmedia":[{"embeddable":true,"href":"https:\/\/jms.com.bo\/mediamonitor\/wp-json\/wp\/v2\/media\/76636"}],"wp:attachment":[{"href":"https:\/\/jms.com.bo\/mediamonitor\/wp-json\/wp\/v2\/media?parent=76635"}],"wp:term":[{"taxonomy":"category","embeddable":true,"href":"https:\/\/jms.com.bo\/mediamonitor\/wp-json\/wp\/v2\/categories?post=76635"},{"taxonomy":"post_tag","embeddable":true,"href":"https:\/\/jms.com.bo\/mediamonitor\/wp-json\/wp\/v2\/tags?post=76635"}],"curies":[{"name":"wp","href":"https:\/\/api.w.org\/{rel}","templated":true}]}}