{"id":77609,"date":"2025-06-18T06:59:53","date_gmt":"2025-06-18T10:59:53","guid":{"rendered":"https:\/\/jms.com.bo\/mediamonitor\/2025\/06\/18\/vecinos-exigen-mayor-control-al-precio-de-los-medicamentos\/"},"modified":"2025-06-18T06:59:53","modified_gmt":"2025-06-18T10:59:53","slug":"vecinos-exigen-mayor-control-al-precio-de-los-medicamentos","status":"publish","type":"post","link":"https:\/\/jms.com.bo\/mediamonitor\/2025\/06\/18\/vecinos-exigen-mayor-control-al-precio-de-los-medicamentos\/","title":{"rendered":"Vecinos exigen mayor control al precio de los medicamentos"},"content":{"rendered":"<p style=\"text-align: justify;\">El alza desmedida en los precios de los medicamentos en Tarija ha encendido las alarmas entre vecinos y dirigentes barriales, quienes advierten que \u201cenfermarse se ha vuelto un lujo\u201d. Exigen al Servicio Departamental de Salud (Sedes), a Defensa del Consumidor y al Ministerio de Salud que asuman un rol m\u00e1s activo frente a esta problem\u00e1tica. Seg\u00fan denunciaron, algunos medicamentos han incrementado su precio hasta en un 200%, sin que exista una explicaci\u00f3n clara ni un control efectivo.<\/p>\n<p style=\"text-align: justify;\">La dirigente de la Federaci\u00f3n de Juntas Vecinales de Cercado (Fejuve), Liliana Cayo, lleg\u00f3 hasta la plaza Luis de Fuentes con medicamentos en mano, para denunciar p\u00fablicamente lo que considera una negligencia de las autoridades.<\/p>\n<p style=\"text-align: justify;\">\u201cUn ambroxol que costaba 15 bolivianos ahora est\u00e1 a 27. La amoxicilina nacional ha subido de 15 a 30 bolivianos\u201d, reclam\u00f3, a tiempo de se\u00f1alar que enfermarse tiene un alto costo.<\/p>\n<p style=\"text-align: justify;\">Cayo advirti\u00f3 que la situaci\u00f3n se ha vuelto insostenible para las familias de bajos ingresos, especialmente cuando deben enfrentar enfermedades respiratorias o virales. \u201cLa farmacia te dice que todo ha subido, y punto. No hay a qui\u00e9n reclamar\u201d, cuestion\u00f3.<\/p>\n<p style=\"text-align: justify;\">Ante este escenario, la Fejuve hizo un llamado a la poblaci\u00f3n a que pueda movilizarse para exigir controles de precios y la intervenci\u00f3n de las instituciones competentes.<\/p>\n<p style=\"text-align: justify;\">El dirigente del barrio San Marcos, Rodrigo Castillo, coincidi\u00f3 en que los precios de los medicamentos est\u00e1n variando constantemente.<\/p>\n<p style=\"text-align: justify;\">Se\u00f1al\u00f3 que los medicamentos est\u00e1n subiendo constantemente, que de una semana a otra ya var\u00eda el precio, y puso como ejemplo la amoxicilina, que la semana pasada costaba 28 bolivianos, pero ahora el mismo medicamento ya cuesta 30 o incluso m\u00e1s.<\/p>\n<p style=\"text-align: justify;\">El rol del Sedes<\/p>\n<p style=\"text-align: justify;\">Desde el Sedes, la jefa de la Unidad de Farmacias, Magaly Burgos, reconoci\u00f3 el alza de los precios y explic\u00f3 que esta situaci\u00f3n escapa a la competencia de su entidad, ya que la regulaci\u00f3n del costo de los medicamentos es atribuci\u00f3n del nivel central.<\/p>\n<p style=\"text-align: justify;\">\u201cEfectivamente los precios han subido desde un 30% hasta un 100%, y en algunos casos hasta un 200%, pero esto se debe principalmente al tipo de cambio del d\u00f3lar paralelo que utilizan las importadoras\u201d, se\u00f1al\u00f3.<\/p>\n<p style=\"text-align: justify;\">Incremento El Sedes reconoce que algunos medicamentos incrementaron su precio entre un 100% a 200% y lo atribuye a la escasez de d\u00f3lares<br \/>\nBurgos explic\u00f3 que si bien las farmacias tienen un margen de ganancia del 20%, el precio base ya viene alterado por las empresas distribuidoras e importadoras que, seg\u00fan asegur\u00f3, operan bajo el d\u00f3lar del mercado paralelo y no el oficial establecido por el Banco Central de Bolivia.<\/p>\n<p style=\"text-align: justify;\">\u201cAhora, hay dos tipos de medicamentos, uno importado que llega ya terminado y listo para su comercializaci\u00f3n y el medicamento hecho en Bolivia, como habr\u00e1n tomado conocimiento, el Gobierno decret\u00f3 arancel cero en el caso de la importaci\u00f3n de materia prima para la elaboraci\u00f3n del medicamento, pero aun as\u00ed no hemos visto que el precio de este medicamento haya bajado\u201d, mencion\u00f3.<\/p>\n<p style=\"text-align: justify;\">Burgos se\u00f1al\u00f3 que toda esta situaci\u00f3n incluso ha derivado en el desabastecimiento de medicamentos en hospitales y establecimientos de salud, debido a que cuando se sube la licitaci\u00f3n, los proponentes no se presentan, porque los precios de la Lista Nacional de Medicamentos Esenciales (Liname) est\u00e1n por debajo del que se vende en el mercado.<\/p>\n<p style=\"text-align: justify;\">\u00bfSon culpables las farmacias?<\/p>\n<p style=\"text-align: justify;\">\u201cEn la parte privada se trabaja con nombre gen\u00e9rico y nombre comercial, un medicamento terminado que es de laboratorio, y estamos viendo que ambos est\u00e1n subiendo\u201d, expuso Burgos a tiempo de se\u00f1alar que aqu\u00ed no tienen responsabilidad las farmacias, ya que estas solamente se limitan a adquirir los medicamentos de las importadoras o distribuidoras, siendo estas \u00faltimas instancias la que semanalmente est\u00e1n subiendo los precios de los medicamentos.<\/p>\n<p style=\"text-align: justify;\">\u201cYo creo que el \u00fanico ente que tiene en sus manos regular el precio de los medicamentos es el Ministerio de Salud a trav\u00e9s de la Agemed y con ayuda de Defensa del Consumidor, tienen que ir a las importadoras y a los laboratorios, es ah\u00ed en donde se tiene que apretar\u201d, enfatiz\u00f3.<\/p>\n<p style=\"text-align: justify;\">Burgos manifest\u00f3 que dentro de las funciones que tiene el Sedes no est\u00e1 la regulaci\u00f3n del precio de los medicamentos. Detall\u00f3 que hace un mes atr\u00e1s ha convocado a las farmac\u00e9uticas y ha podido advertir que el margen de ganancia que estas instancias ponen a los medicamentos promedia entre el 20% del precio que adquieren de las importadoras y laboratorios, es decir, que ya compran los medicamentos caros.<\/p>\n<p style=\"text-align: justify;\">\u201cPor ejemplo, tenemos aqu\u00ed laboratorios Inti, Lafar, Terbol, entonces esos se encuentran en La Paz, y la Agemed tiene que tener conocimiento del alza de los medicamentos y ellos est\u00e1n subiendo cada semana o cada 15 d\u00edas\u201d, reclam\u00f3.<\/p>\n<p style=\"text-align: justify;\">Una crisis arrastrada por la falta de d\u00f3lares<br \/>\nEl incremento del precio de los medicamentos no es un fen\u00f3meno nuevo. Se arrastra desde el primer trimestre del 2023, cuando comenz\u00f3 a evidenciarse la escasez de d\u00f3lares en el pa\u00eds. Esta situaci\u00f3n ha hecho que a partir de mediados el 2024 se agudice el incremento del precio de las medicinas, lo que ha afectado la capacidad de importaci\u00f3n, tanto en el sector privado como en el p\u00fablico, generando desabastecimiento y, en consecuencia, una escalada de precios.<\/p>\n<p style=\"text-align: justify;\">La escasez de medicamentos se ha hecho visible incluso en centros de salud p\u00fablicos, donde muchas veces los pacientes son derivados a farmacias particulares para completar sus tratamientos. Esta situaci\u00f3n, sumada al encarecimiento de la canasta b\u00e1sica familiar, pone en jaque el derecho a la salud de la poblaci\u00f3n m\u00e1s vulnerable.<\/p>\n","protected":false},"excerpt":{"rendered":"<p>El alza desmedida en los precios de los medicamentos en Tarija ha encendido las alarmas entre vecinos y dirigentes barriales, quienes advierten que \u201cenfermarse se ha vuelto un lujo\u201d. Exigen al Servicio Departamental de Salud (Sedes), a Defensa del Consumidor y al Ministerio de Salud que asuman un rol m\u00e1s activo frente a esta problem\u00e1tica. [&hellip;]<\/p>\n","protected":false},"author":2,"featured_media":77610,"comment_status":"closed","ping_status":"open","sticky":false,"template":"","format":"standard","meta":{"footnotes":""},"categories":[53],"tags":[],"class_list":{"0":"post-77609","1":"post","2":"type-post","3":"status-publish","4":"format-standard","5":"has-post-thumbnail","7":"category-salud"},"_links":{"self":[{"href":"https:\/\/jms.com.bo\/mediamonitor\/wp-json\/wp\/v2\/posts\/77609","targetHints":{"allow":["GET"]}}],"collection":[{"href":"https:\/\/jms.com.bo\/mediamonitor\/wp-json\/wp\/v2\/posts"}],"about":[{"href":"https:\/\/jms.com.bo\/mediamonitor\/wp-json\/wp\/v2\/types\/post"}],"author":[{"embeddable":true,"href":"https:\/\/jms.com.bo\/mediamonitor\/wp-json\/wp\/v2\/users\/2"}],"replies":[{"embeddable":true,"href":"https:\/\/jms.com.bo\/mediamonitor\/wp-json\/wp\/v2\/comments?post=77609"}],"version-history":[{"count":0,"href":"https:\/\/jms.com.bo\/mediamonitor\/wp-json\/wp\/v2\/posts\/77609\/revisions"}],"wp:featuredmedia":[{"embeddable":true,"href":"https:\/\/jms.com.bo\/mediamonitor\/wp-json\/wp\/v2\/media\/77610"}],"wp:attachment":[{"href":"https:\/\/jms.com.bo\/mediamonitor\/wp-json\/wp\/v2\/media?parent=77609"}],"wp:term":[{"taxonomy":"category","embeddable":true,"href":"https:\/\/jms.com.bo\/mediamonitor\/wp-json\/wp\/v2\/categories?post=77609"},{"taxonomy":"post_tag","embeddable":true,"href":"https:\/\/jms.com.bo\/mediamonitor\/wp-json\/wp\/v2\/tags?post=77609"}],"curies":[{"name":"wp","href":"https:\/\/api.w.org\/{rel}","templated":true}]}}