{"id":77613,"date":"2025-06-18T07:10:35","date_gmt":"2025-06-18T11:10:35","guid":{"rendered":"https:\/\/jms.com.bo\/mediamonitor\/2025\/06\/18\/lecheros-exigen-al-sedag-retomar-apoyo-al-sector-retomar-apoyo-al-sector\/"},"modified":"2025-06-18T07:10:35","modified_gmt":"2025-06-18T11:10:35","slug":"lecheros-exigen-al-sedag-retomar-apoyo-al-sector-retomar-apoyo-al-sector","status":"publish","type":"post","link":"https:\/\/jms.com.bo\/mediamonitor\/2025\/06\/18\/lecheros-exigen-al-sedag-retomar-apoyo-al-sector-retomar-apoyo-al-sector\/","title":{"rendered":"Lecheros exigen al Sedag retomar apoyo al sector retomar apoyo al sector"},"content":{"rendered":"<p style=\"text-align: justify;\">Los productores lecheros de la provincia M\u00e9ndez han realizado una marcha de protesta exigiendo apoyo a la Gobernaci\u00f3n de Tarija a trav\u00e9s del Servicio Departamental Agropecuario (Sedag), para que se les pueda garantizar el apoyo t\u00e9cnico y la dotaci\u00f3n de insumos tanto antiparasitarios como vitaminas para el ganado lechero, como se lo hac\u00eda en gestiones pasadas.<\/p>\n<p style=\"text-align: justify;\">El dirigente de este sector productivo, Oscar L\u00f3pez, se\u00f1al\u00f3 que en esta gesti\u00f3n no han recibido ning\u00fan apoyo por parte de la Gobernaci\u00f3n, enfatiz\u00f3 que la instancia llamada para realizar esta tarea es el Sedag, pero desde esa instancia apenas se defiende indicando que no tiene presupuesto para apoyar al sector lechero.<\/p>\n<p style=\"text-align: justify;\">Consultado de por qu\u00e9 no se exige este mismo apoyo al Servicio Nacional de Sanidad Agropecuaria e Inocuidad Alimentaria (Senasag), L\u00f3pez dijo que en esa entidad son otras sus funciones.<\/p>\n<p style=\"text-align: justify;\">L\u00f3pez puso como referencia lo sucedido el mes pasado con el brote de carbunco sintom\u00e1tico que se ha detectado en el valle central de Tarija, en donde el costo de vacunaci\u00f3n ha tenido que ser cubierto por los mismos productores lecheros, ya que no hay esa ayuda como sol\u00eda haber en anteriores gestiones.<\/p>\n<p style=\"text-align: justify;\">El dirigente indic\u00f3 que esta es la primera movilizaci\u00f3n que est\u00e1 realizando el sector, enfatiz\u00f3 que se han enviado varias notas al gobernador Oscar Montes para que pueda recibir a los productores lecheros y pueda escuchar las demandas que tienen, pero que no ha habido una respuesta favorable. Advirti\u00f3 que de continuar sin ser recibidos por la autoridad departamental, se van a intensificar las movilizaciones.<\/p>\n","protected":false},"excerpt":{"rendered":"<p>Los productores lecheros de la provincia M\u00e9ndez han realizado una marcha de protesta exigiendo apoyo a la Gobernaci\u00f3n de Tarija a trav\u00e9s del Servicio Departamental Agropecuario (Sedag), para que se les pueda garantizar el apoyo t\u00e9cnico y la dotaci\u00f3n de insumos tanto antiparasitarios como vitaminas para el ganado lechero, como se lo hac\u00eda en gestiones [&hellip;]<\/p>\n","protected":false},"author":2,"featured_media":77614,"comment_status":"closed","ping_status":"open","sticky":false,"template":"","format":"standard","meta":{"footnotes":""},"categories":[57],"tags":[],"class_list":{"0":"post-77613","1":"post","2":"type-post","3":"status-publish","4":"format-standard","5":"has-post-thumbnail","7":"category-alimentos-y-agroindustria"},"_links":{"self":[{"href":"https:\/\/jms.com.bo\/mediamonitor\/wp-json\/wp\/v2\/posts\/77613","targetHints":{"allow":["GET"]}}],"collection":[{"href":"https:\/\/jms.com.bo\/mediamonitor\/wp-json\/wp\/v2\/posts"}],"about":[{"href":"https:\/\/jms.com.bo\/mediamonitor\/wp-json\/wp\/v2\/types\/post"}],"author":[{"embeddable":true,"href":"https:\/\/jms.com.bo\/mediamonitor\/wp-json\/wp\/v2\/users\/2"}],"replies":[{"embeddable":true,"href":"https:\/\/jms.com.bo\/mediamonitor\/wp-json\/wp\/v2\/comments?post=77613"}],"version-history":[{"count":0,"href":"https:\/\/jms.com.bo\/mediamonitor\/wp-json\/wp\/v2\/posts\/77613\/revisions"}],"wp:featuredmedia":[{"embeddable":true,"href":"https:\/\/jms.com.bo\/mediamonitor\/wp-json\/wp\/v2\/media\/77614"}],"wp:attachment":[{"href":"https:\/\/jms.com.bo\/mediamonitor\/wp-json\/wp\/v2\/media?parent=77613"}],"wp:term":[{"taxonomy":"category","embeddable":true,"href":"https:\/\/jms.com.bo\/mediamonitor\/wp-json\/wp\/v2\/categories?post=77613"},{"taxonomy":"post_tag","embeddable":true,"href":"https:\/\/jms.com.bo\/mediamonitor\/wp-json\/wp\/v2\/tags?post=77613"}],"curies":[{"name":"wp","href":"https:\/\/api.w.org\/{rel}","templated":true}]}}