{"id":77673,"date":"2025-06-19T08:50:59","date_gmt":"2025-06-19T12:50:59","guid":{"rendered":"https:\/\/jms.com.bo\/mediamonitor\/2025\/06\/19\/exministro-siles-tiene-orden-de-aprehension-confirma-el-fiscal-general\/"},"modified":"2025-06-19T08:50:59","modified_gmt":"2025-06-19T12:50:59","slug":"exministro-siles-tiene-orden-de-aprehension-confirma-el-fiscal-general","status":"publish","type":"post","link":"https:\/\/jms.com.bo\/mediamonitor\/2025\/06\/19\/exministro-siles-tiene-orden-de-aprehension-confirma-el-fiscal-general\/","title":{"rendered":"Exministro Siles tiene orden de aprehensi\u00f3n, confirma el Fiscal General"},"content":{"rendered":"<p style=\"text-align: justify;\">Al ser consultado sobre la situaci\u00f3n del exministro C\u00e9sar Siles dentro de la investigaci\u00f3n del denominado caso \u2018Consorcio\u2019, el fiscal general del Estado, R\u00f3ger Mariaca, se\u00f1al\u00f3 que hay una orden de aprehensi\u00f3n en contra de la exautoridad.<\/p>\n<p style=\"text-align: justify;\">\u201cLa comisi\u00f3n de fiscales que lleva adelante la investigaci\u00f3n ha determinado elaborar una resoluci\u00f3n de aprehensi\u00f3n en contra de esta persona y as\u00ed tambi\u00e9n un mandamiento\u201d, sostuvo el fiscal en conferencia de prensa al ser consultado sobre la situaci\u00f3n de Siles.<\/p>\n<p style=\"text-align: justify;\">La autoridad se\u00f1al\u00f3 que no se deja de lado que pueda asumir su defensa legal y su defensa material ante el Ministerio P\u00fablico, ya que se respetan los derechos, garant\u00edas y la presunci\u00f3n de inocencia establecida en la Constituci\u00f3n Pol\u00edtica del Estado.<\/p>\n<p style=\"text-align: justify;\">Este caso se enmarca en la investigaci\u00f3n que se inici\u00f3 tras la filtraci\u00f3n de un audio que se atribuye a Siles, donde se aborda la destituci\u00f3n de Fanny Coaquira, magistrada electa del Tribunal Supremo de Justicia (TSJ).<\/p>\n<p style=\"text-align: justify;\">En medio de esta situaci\u00f3n, no solo se dio la renuncia de Siles, sino tambi\u00e9n de autoridades judiciales pace\u00f1as, como es el caso de la vocal Claudia Castro y de Yvan C\u00f3rdova, ahora expresidente del Tribunal Departamental de Justicia (TDJ).<\/p>\n<p style=\"text-align: justify;\">\u201cYo no me escapo\u201d<\/p>\n<p style=\"text-align: justify;\">Una vez que el caso sali\u00f3 a la luz, Siles dijo que estar\u00e1 a la espera de la convocatoria de la Fiscal\u00eda para presentar los descargos correspondientes, apuntando que no planea marcharse de Bolivia y que retornar\u00e1 a su rol como docente mientras se defiende en este caso u otros que se puedan presentar.<\/p>\n<p style=\"text-align: justify;\">\u201cNo tengo nada que ocultar. Yo no me escapo\u201d, se\u00f1al\u00f3 el exministro en sus redes sociales al resaltar que se \u201cpresentar\u00e1 voluntariamente ante cualquier citaci\u00f3n o convocatoria\u201d.<\/p>\n","protected":false},"excerpt":{"rendered":"<p>Al ser consultado sobre la situaci\u00f3n del exministro C\u00e9sar Siles dentro de la investigaci\u00f3n del denominado caso \u2018Consorcio\u2019, el fiscal general del Estado, R\u00f3ger Mariaca, se\u00f1al\u00f3 que hay una orden de aprehensi\u00f3n en contra de la exautoridad. \u201cLa comisi\u00f3n de fiscales que lleva adelante la investigaci\u00f3n ha determinado elaborar una resoluci\u00f3n de aprehensi\u00f3n en contra [&hellip;]<\/p>\n","protected":false},"author":2,"featured_media":77674,"comment_status":"closed","ping_status":"open","sticky":false,"template":"","format":"standard","meta":{"footnotes":""},"categories":[18],"tags":[],"class_list":{"0":"post-77673","1":"post","2":"type-post","3":"status-publish","4":"format-standard","5":"has-post-thumbnail","7":"category-politica"},"_links":{"self":[{"href":"https:\/\/jms.com.bo\/mediamonitor\/wp-json\/wp\/v2\/posts\/77673","targetHints":{"allow":["GET"]}}],"collection":[{"href":"https:\/\/jms.com.bo\/mediamonitor\/wp-json\/wp\/v2\/posts"}],"about":[{"href":"https:\/\/jms.com.bo\/mediamonitor\/wp-json\/wp\/v2\/types\/post"}],"author":[{"embeddable":true,"href":"https:\/\/jms.com.bo\/mediamonitor\/wp-json\/wp\/v2\/users\/2"}],"replies":[{"embeddable":true,"href":"https:\/\/jms.com.bo\/mediamonitor\/wp-json\/wp\/v2\/comments?post=77673"}],"version-history":[{"count":0,"href":"https:\/\/jms.com.bo\/mediamonitor\/wp-json\/wp\/v2\/posts\/77673\/revisions"}],"wp:featuredmedia":[{"embeddable":true,"href":"https:\/\/jms.com.bo\/mediamonitor\/wp-json\/wp\/v2\/media\/77674"}],"wp:attachment":[{"href":"https:\/\/jms.com.bo\/mediamonitor\/wp-json\/wp\/v2\/media?parent=77673"}],"wp:term":[{"taxonomy":"category","embeddable":true,"href":"https:\/\/jms.com.bo\/mediamonitor\/wp-json\/wp\/v2\/categories?post=77673"},{"taxonomy":"post_tag","embeddable":true,"href":"https:\/\/jms.com.bo\/mediamonitor\/wp-json\/wp\/v2\/tags?post=77673"}],"curies":[{"name":"wp","href":"https:\/\/api.w.org\/{rel}","templated":true}]}}