{"id":77883,"date":"2025-06-26T06:59:05","date_gmt":"2025-06-26T10:59:05","guid":{"rendered":"https:\/\/jms.com.bo\/mediamonitor\/2025\/06\/26\/choferes-dan-48-horas-para-retomar-el-dialogo\/"},"modified":"2025-06-26T06:59:05","modified_gmt":"2025-06-26T10:59:05","slug":"choferes-dan-48-horas-para-retomar-el-dialogo","status":"publish","type":"post","link":"https:\/\/jms.com.bo\/mediamonitor\/2025\/06\/26\/choferes-dan-48-horas-para-retomar-el-dialogo\/","title":{"rendered":"Choferes dan 48 horas para retomar el di\u00e1logo"},"content":{"rendered":"<p style=\"text-align: justify;\">En medio de un ambiente tenso por la habilitaci\u00f3n de mototaxis y la licitaci\u00f3n de cinco l\u00edneas de transporte alternativo, la Federaci\u00f3n de Choferes de Chuquisaca mantiene su declaratoria de emergencia y fij\u00f3 un ultim\u00e1tum de 48 horas para que el Ejecutivo reactive las mesas de di\u00e1logo y atienda su demanda de nivelaci\u00f3n de tarifas.<\/p>\n<p style=\"text-align: justify;\">Aunque garantiz\u00f3 la continuidad del servicio, la organizaci\u00f3n, que aglutina a 29 sindicatos, advirti\u00f3 que, de no recibir una respuesta favorable, se reserva el derecho de asumir futuras medidas de presi\u00f3n. De manera extraoficial, CORREO DEL SUR conoci\u00f3 que se analiza un paro departamental.<\/p>\n<p style=\"text-align: justify;\">SOSTIENEN SU POSTURA<\/p>\n<p style=\"text-align: justify;\">A tiempo de ratificar el respaldo a los sindicatos de micros Sucre y San Crist\u00f3bal, el secretario general de la Federaci\u00f3n, Marco Huaranca advirti\u00f3 que no renunciar\u00e1n al pedido de nivelaci\u00f3n de tarifas, al considerarlo clave para mejorar la calidad de vida de sus afiliados.<\/p>\n<p style=\"text-align: justify;\">\u201cDamos un plazo de 48 horas para que la Alcald\u00eda deponga actitudes y convoque al di\u00e1logo. No estamos de acuerdo con la licitaci\u00f3n de l\u00edneas por ning\u00fan motivo\u201d, declar\u00f3.<\/p>\n<p style=\"text-align: justify;\">Por su parte, Roger Carvajal, ejecutivo del Sindicato San Crist\u00f3bal, denunci\u00f3 presuntos abusos del Ejecutivo municipal, al que acus\u00f3 de imponer el transporte libre y habilitar mototaxis sin condiciones ni garant\u00edas para los pasajeros.<\/p>\n<p style=\"text-align: justify;\">\u201cNosotros fuimos claros, pedimos di\u00e1logo para buscar soluciones, pero nos encontramos con una autoridad intransigente que no quiere escuchar e impone con acciones contrarias a nuestro pedido de nivelaci\u00f3n\u201d, indic\u00f3.<\/p>\n<p style=\"text-align: justify;\">En paralelo, los choferes iniciar\u00e1n una campa\u00f1a de 60 d\u00edas para socializar la necesidad de una nivelaci\u00f3n tarifaria con juntas vecinales y medios de comunicaci\u00f3n, antes de aplicar una nueva escala basada en su hoja de costos.<\/p>\n<p style=\"text-align: justify;\">Asimismo, se instruy\u00f3 al transporte interdepartamental, interprovincial y de servicio en la ciudad, elaborar sus propias estructuras de costos como base para concretar los ajustes tarifarios de manera general.<\/p>\n<p style=\"text-align: justify;\">PIDEN ACOGERSE A LA NORMA<\/p>\n<p style=\"text-align: justify;\">El secretario de Planificaci\u00f3n para el Desarrollo, Felipe Jerez, asegur\u00f3 que el Ejecutivo municipal est\u00e1 abierto al di\u00e1logo, pero dentro del marco normativo.<\/p>\n<p style=\"text-align: justify;\">Sin embargo, atribuy\u00f3 el estancamiento de las negociaciones a una \u201cposici\u00f3n cerrada\u201d por parte del sector de micros, que seg\u00fan la autoridad, buscan mantener el monopolio del servicio.<\/p>\n<p style=\"text-align: justify;\">Como parte de las soluciones estructurales, record\u00f3 que se lanz\u00f3 una convocatoria p\u00fablica para la licitaci\u00f3n de rutas del transporte p\u00fablico urbano. La recepci\u00f3n de propuestas est\u00e1 abierta hasta este viernes 27 de junio y los resultados se publicar\u00e1n el lunes 30.<\/p>\n<p style=\"text-align: justify;\">Asimismo, Jerez confirm\u00f3 la habilitaci\u00f3n de dos asociaciones de mototaxis, que operan con una tarifa base de Bs 3 dentro del centro de la ciudad, con un incremento de Bs 1 por cada kil\u00f3metro adicional.<\/p>\n","protected":false},"excerpt":{"rendered":"<p>En medio de un ambiente tenso por la habilitaci\u00f3n de mototaxis y la licitaci\u00f3n de cinco l\u00edneas de transporte alternativo, la Federaci\u00f3n de Choferes de Chuquisaca mantiene su declaratoria de emergencia y fij\u00f3 un ultim\u00e1tum de 48 horas para que el Ejecutivo reactive las mesas de di\u00e1logo y atienda su demanda de nivelaci\u00f3n de tarifas. [&hellip;]<\/p>\n","protected":false},"author":2,"featured_media":77884,"comment_status":"closed","ping_status":"open","sticky":false,"template":"","format":"standard","meta":{"footnotes":""},"categories":[57],"tags":[],"class_list":{"0":"post-77883","1":"post","2":"type-post","3":"status-publish","4":"format-standard","5":"has-post-thumbnail","7":"category-alimentos-y-agroindustria"},"_links":{"self":[{"href":"https:\/\/jms.com.bo\/mediamonitor\/wp-json\/wp\/v2\/posts\/77883","targetHints":{"allow":["GET"]}}],"collection":[{"href":"https:\/\/jms.com.bo\/mediamonitor\/wp-json\/wp\/v2\/posts"}],"about":[{"href":"https:\/\/jms.com.bo\/mediamonitor\/wp-json\/wp\/v2\/types\/post"}],"author":[{"embeddable":true,"href":"https:\/\/jms.com.bo\/mediamonitor\/wp-json\/wp\/v2\/users\/2"}],"replies":[{"embeddable":true,"href":"https:\/\/jms.com.bo\/mediamonitor\/wp-json\/wp\/v2\/comments?post=77883"}],"version-history":[{"count":0,"href":"https:\/\/jms.com.bo\/mediamonitor\/wp-json\/wp\/v2\/posts\/77883\/revisions"}],"wp:featuredmedia":[{"embeddable":true,"href":"https:\/\/jms.com.bo\/mediamonitor\/wp-json\/wp\/v2\/media\/77884"}],"wp:attachment":[{"href":"https:\/\/jms.com.bo\/mediamonitor\/wp-json\/wp\/v2\/media?parent=77883"}],"wp:term":[{"taxonomy":"category","embeddable":true,"href":"https:\/\/jms.com.bo\/mediamonitor\/wp-json\/wp\/v2\/categories?post=77883"},{"taxonomy":"post_tag","embeddable":true,"href":"https:\/\/jms.com.bo\/mediamonitor\/wp-json\/wp\/v2\/tags?post=77883"}],"curies":[{"name":"wp","href":"https:\/\/api.w.org\/{rel}","templated":true}]}}