{"id":77885,"date":"2025-06-26T07:00:37","date_gmt":"2025-06-26T11:00:37","guid":{"rendered":"https:\/\/jms.com.bo\/mediamonitor\/2025\/06\/26\/bermejo-caneros-amenazan-con-llevar-su-produccion-a-argentina\/"},"modified":"2025-06-26T07:00:37","modified_gmt":"2025-06-26T11:00:37","slug":"bermejo-caneros-amenazan-con-llevar-su-produccion-a-argentina","status":"publish","type":"post","link":"https:\/\/jms.com.bo\/mediamonitor\/2025\/06\/26\/bermejo-caneros-amenazan-con-llevar-su-produccion-a-argentina\/","title":{"rendered":"Bermejo: Ca\u00f1eros amenazan con llevar su producci\u00f3n a Argentina"},"content":{"rendered":"<p style=\"text-align: justify;\">La incertidumbre se instala nuevamente sobre la econom\u00eda de Bermejo. Los productores de ca\u00f1a de az\u00facar, agrupados en la Federaci\u00f3n de Ca\u00f1eros de Bermejo, han manifestado su descontento con Industrias Agr\u00edcolas de Bermejo Sociedad An\u00f3nima (IABSA) por el retraso en el inicio de la zafra 2025. En respuesta, han advertido con llevar su producci\u00f3n al Ingenio y Refiner\u00eda San Mart\u00edn del Tabacal, ubicado en Or\u00e1n, provincia de Salta (Argentina), donde aseguran haber encontrado inter\u00e9s y disposici\u00f3n para recibir la ca\u00f1a boliviana.<\/p>\n<p style=\"text-align: justify;\">El ejecutivo de la federaci\u00f3n, Gonzalo Romero, explic\u00f3 que anualmente se firma un convenio para definir los t\u00e9rminos de la zafra, documento que este a\u00f1o ha sido modificado unilateralmente por parte de la industria, vulnerando \u2014seg\u00fan los ca\u00f1eros\u2014 la Ley 307 del Complejo Productivo de la Ca\u00f1a de Az\u00facar.<\/p>\n<p style=\"text-align: justify;\">A la crisis contractual se suma la demora en el arranque de la molienda, situaci\u00f3n que pone en riesgo la cosecha de m\u00e1s de 260.000 toneladas de ca\u00f1a y genera incertidumbre laboral para cientos de obreros zafreros, quienes podr\u00edan migrar a Argentina en busca de empleo, lo que afectar\u00eda a la econom\u00eda local.<\/p>\n<p style=\"text-align: justify;\">En este contexto, Romero revel\u00f3 que representantes del sector ca\u00f1ero ya sostuvieron dos encuentros con los ejecutivos del Ingenio El Tabacal. Incluso, t\u00e9cnicos argentinos visitaron las zonas productoras de ca\u00f1a en Bermejo y determinaron que la materia prima est\u00e1 lista para ser cosechada de inmediato, antes de que las heladas la deterioren.<\/p>\n<p style=\"text-align: justify;\">Indic\u00f3 que solo falta la autorizaci\u00f3n del nivel central para que puedan exportarla. En caso de lograr este permiso, asegur\u00f3 que el producto transformado retornar\u00eda a Bolivia para su comercializaci\u00f3n.<\/p>\n<p style=\"text-align: justify;\">La medida representar\u00eda un cambio radical para el sector ca\u00f1ero, que desde hace a\u00f1os reclama a IABSA por precios bajos, demoras y falta de condiciones t\u00e9cnicas.<\/p>\n<p style=\"text-align: justify;\">Romero manifest\u00f3 que todo se definir\u00e1 esta semana. El sector ca\u00f1ero ha sido convocado por el Gobierno a una reuni\u00f3n con los representantes de IABSA para intentar salvar la zafra. Sin embargo, advirti\u00f3 que si no se logra un acuerdo satisfactorio, avanzar\u00e1n con los tr\u00e1mites para exportar su producci\u00f3n a Argentina.<\/p>\n<p style=\"text-align: justify;\">El dirigente ca\u00f1ero lament\u00f3 que el sector industrial no considere la inversi\u00f3n realizada por los productores y est\u00e9 poniendo en riesgo la cosecha de este a\u00f1o por intentar regatear precios en la materia prima e incluso tratando de evadir las responsabilidades que tienen con la Ley 307.<\/p>\n<p style=\"text-align: justify;\">Asimismo, asegur\u00f3 que t\u00e9cnicos ya est\u00e1n trabajando para calcular la hoja de costos en caso que la materia prima sea llevada a Argentina. A\u00fan desconocen si van a mantener los precios de los productos transformados o sufrir\u00e1n alguna alza.<\/p>\n","protected":false},"excerpt":{"rendered":"<p>La incertidumbre se instala nuevamente sobre la econom\u00eda de Bermejo. Los productores de ca\u00f1a de az\u00facar, agrupados en la Federaci\u00f3n de Ca\u00f1eros de Bermejo, han manifestado su descontento con Industrias Agr\u00edcolas de Bermejo Sociedad An\u00f3nima (IABSA) por el retraso en el inicio de la zafra 2025. En respuesta, han advertido con llevar su producci\u00f3n al [&hellip;]<\/p>\n","protected":false},"author":2,"featured_media":77886,"comment_status":"closed","ping_status":"open","sticky":false,"template":"","format":"standard","meta":{"footnotes":""},"categories":[49],"tags":[],"class_list":{"0":"post-77885","1":"post","2":"type-post","3":"status-publish","4":"format-standard","5":"has-post-thumbnail","7":"category-social"},"_links":{"self":[{"href":"https:\/\/jms.com.bo\/mediamonitor\/wp-json\/wp\/v2\/posts\/77885","targetHints":{"allow":["GET"]}}],"collection":[{"href":"https:\/\/jms.com.bo\/mediamonitor\/wp-json\/wp\/v2\/posts"}],"about":[{"href":"https:\/\/jms.com.bo\/mediamonitor\/wp-json\/wp\/v2\/types\/post"}],"author":[{"embeddable":true,"href":"https:\/\/jms.com.bo\/mediamonitor\/wp-json\/wp\/v2\/users\/2"}],"replies":[{"embeddable":true,"href":"https:\/\/jms.com.bo\/mediamonitor\/wp-json\/wp\/v2\/comments?post=77885"}],"version-history":[{"count":0,"href":"https:\/\/jms.com.bo\/mediamonitor\/wp-json\/wp\/v2\/posts\/77885\/revisions"}],"wp:featuredmedia":[{"embeddable":true,"href":"https:\/\/jms.com.bo\/mediamonitor\/wp-json\/wp\/v2\/media\/77886"}],"wp:attachment":[{"href":"https:\/\/jms.com.bo\/mediamonitor\/wp-json\/wp\/v2\/media?parent=77885"}],"wp:term":[{"taxonomy":"category","embeddable":true,"href":"https:\/\/jms.com.bo\/mediamonitor\/wp-json\/wp\/v2\/categories?post=77885"},{"taxonomy":"post_tag","embeddable":true,"href":"https:\/\/jms.com.bo\/mediamonitor\/wp-json\/wp\/v2\/tags?post=77885"}],"curies":[{"name":"wp","href":"https:\/\/api.w.org\/{rel}","templated":true}]}}