{"id":77891,"date":"2025-06-26T07:04:13","date_gmt":"2025-06-26T11:04:13","guid":{"rendered":"https:\/\/jms.com.bo\/mediamonitor\/2025\/06\/26\/sedes-exigira-carnet-de-vacunacion-a-menores-de-5-anos-que-viajen-para-frenar-el-sarampion\/"},"modified":"2025-06-26T07:04:13","modified_gmt":"2025-06-26T11:04:13","slug":"sedes-exigira-carnet-de-vacunacion-a-menores-de-5-anos-que-viajen-para-frenar-el-sarampion","status":"publish","type":"post","link":"https:\/\/jms.com.bo\/mediamonitor\/2025\/06\/26\/sedes-exigira-carnet-de-vacunacion-a-menores-de-5-anos-que-viajen-para-frenar-el-sarampion\/","title":{"rendered":"Sedes exigir\u00e1 carnet de vacunaci\u00f3n a menores de 5 a\u00f1os que viajen para frenar el sarampi\u00f3n"},"content":{"rendered":"<p style=\"text-align: justify;\">Ante el incremento de casos de sarampi\u00f3n en Santa Cruz y la declaratoria de emergencia sanitaria nacional, el Servicio Departamental de Salud (Sedes) anunci\u00f3 este mi\u00e9rcoles una serie de medidas preventivas, entre las que destaca la exigencia del carnet de vacunaci\u00f3n como requisito obligatorio para menores de cinco a\u00f1os que deban realizar viajes interprovinciales o interdepartamentales, ya sea por v\u00eda terrestre o a\u00e9rea.<\/p>\n<p style=\"text-align: justify;\">En conferencia de prensa, el director del Sedes, Jaime Bilbao, inform\u00f3 que en Santa Cruz se registran 60 casos positivos de sarampi\u00f3n, as\u00ed se confirmaron tres nuevos casos con relaci\u00f3n al anterior reporte. Adem\u00e1s hay otros dos casos en La Paz y uno en Potos\u00ed.<\/p>\n<p style=\"text-align: justify;\">\u201cSolicitamos a la poblaci\u00f3n evitar los viajes interprovinciales e interdepartamentales. En caso de que el viaje sea estrictamente necesario, se exigir\u00e1 el carnet de vacunaci\u00f3n del menor de cinco a\u00f1os como documento obligatorio\u201d, enfatiz\u00f3 el funcionario.<\/p>\n<p style=\"text-align: justify;\">Adem\u00e1s, Bilbao anunci\u00f3 el refuerzo de puntos de vigilancia epidemiol\u00f3gica en terminales de buses y aeropuertos, donde tambi\u00e9n se solicitar\u00e1 el carnet como medida de prevenci\u00f3n.<\/p>\n<p style=\"text-align: justify;\">Recomend\u00f3 el uso obligatorio de barbijo para personas con s\u00edntomas respiratorios y pidi\u00f3 evitar llevar a los ni\u00f1os a lugares concurridos.<\/p>\n<p style=\"text-align: justify;\">\u201cAlgunas personas que han estado en contacto con casos positivos siguen acudiendo a sitios p\u00fablicos, incrementando el riesgo de propagaci\u00f3n\u201d, advirti\u00f3.<\/p>\n<p style=\"text-align: justify;\">El Sedes tambi\u00e9n solicit\u00f3 la convocatoria del Comit\u00e9 de Operaciones de Emergencia en Salud (COES) y anunci\u00f3 una jornada de vacunaci\u00f3n exclusiva, con la movilizaci\u00f3n de brigadas m\u00e9dicas y puntos fijos en centros de salud.<\/p>\n<p style=\"text-align: justify;\">La campa\u00f1a estar\u00e1 dirigida especialmente a ni\u00f1os menores de cinco a\u00f1os no vacunados.<\/p>\n<p style=\"text-align: justify;\">El secretario municipal de Salud, Michael M\u00e9ndez, confirm\u00f3 la activaci\u00f3n de brigadas m\u00f3viles en el Distrito Municipal 10, debido a que Santa Cruz de la Sierra se encuentra en alerta roja con 27 casos confirmados y m\u00e1s de 400 sospechosos. \u201cEstamos en emergencia. Se est\u00e1n intensificando las campa\u00f1as de vacunaci\u00f3n contra el sarampi\u00f3n, la influenza y otras enfermedades del esquema regular\u201d, afirm\u00f3.<\/p>\n<p style=\"text-align: justify;\">Cristhian Quiroga, responsable de Epidemiolog\u00eda del Municipio, indic\u00f3 que el carnet de esquema de vacunaci\u00f3n PAI y el carnet de identidad son los requisitos principales para acceder a la inmunizaci\u00f3n.<\/p>\n<p style=\"text-align: justify;\">Asimismo, reiter\u00f3 el llamado a los padres para evitar exponer a los ni\u00f1os en lugares p\u00fablicos y mantenerlos en casa durante el receso escolar, que ha sido considerado como una medida preventiva, no vacacional.<\/p>\n","protected":false},"excerpt":{"rendered":"<p>Ante el incremento de casos de sarampi\u00f3n en Santa Cruz y la declaratoria de emergencia sanitaria nacional, el Servicio Departamental de Salud (Sedes) anunci\u00f3 este mi\u00e9rcoles una serie de medidas preventivas, entre las que destaca la exigencia del carnet de vacunaci\u00f3n como requisito obligatorio para menores de cinco a\u00f1os que deban realizar viajes interprovinciales o [&hellip;]<\/p>\n","protected":false},"author":2,"featured_media":77892,"comment_status":"closed","ping_status":"open","sticky":false,"template":"","format":"standard","meta":{"footnotes":""},"categories":[20],"tags":[],"class_list":{"0":"post-77891","1":"post","2":"type-post","3":"status-publish","4":"format-standard","5":"has-post-thumbnail","7":"category-actualidad"},"_links":{"self":[{"href":"https:\/\/jms.com.bo\/mediamonitor\/wp-json\/wp\/v2\/posts\/77891","targetHints":{"allow":["GET"]}}],"collection":[{"href":"https:\/\/jms.com.bo\/mediamonitor\/wp-json\/wp\/v2\/posts"}],"about":[{"href":"https:\/\/jms.com.bo\/mediamonitor\/wp-json\/wp\/v2\/types\/post"}],"author":[{"embeddable":true,"href":"https:\/\/jms.com.bo\/mediamonitor\/wp-json\/wp\/v2\/users\/2"}],"replies":[{"embeddable":true,"href":"https:\/\/jms.com.bo\/mediamonitor\/wp-json\/wp\/v2\/comments?post=77891"}],"version-history":[{"count":0,"href":"https:\/\/jms.com.bo\/mediamonitor\/wp-json\/wp\/v2\/posts\/77891\/revisions"}],"wp:featuredmedia":[{"embeddable":true,"href":"https:\/\/jms.com.bo\/mediamonitor\/wp-json\/wp\/v2\/media\/77892"}],"wp:attachment":[{"href":"https:\/\/jms.com.bo\/mediamonitor\/wp-json\/wp\/v2\/media?parent=77891"}],"wp:term":[{"taxonomy":"category","embeddable":true,"href":"https:\/\/jms.com.bo\/mediamonitor\/wp-json\/wp\/v2\/categories?post=77891"},{"taxonomy":"post_tag","embeddable":true,"href":"https:\/\/jms.com.bo\/mediamonitor\/wp-json\/wp\/v2\/tags?post=77891"}],"curies":[{"name":"wp","href":"https:\/\/api.w.org\/{rel}","templated":true}]}}