{"id":78233,"date":"2025-07-08T07:18:15","date_gmt":"2025-07-08T11:18:15","guid":{"rendered":"https:\/\/jms.com.bo\/mediamonitor\/2025\/07\/08\/bolivia-registra-632-focos-de-calor-con-el-85-concentrado-en-santa-cruz\/"},"modified":"2025-07-08T07:18:15","modified_gmt":"2025-07-08T11:18:15","slug":"bolivia-registra-632-focos-de-calor-con-el-85-concentrado-en-santa-cruz","status":"publish","type":"post","link":"https:\/\/jms.com.bo\/mediamonitor\/2025\/07\/08\/bolivia-registra-632-focos-de-calor-con-el-85-concentrado-en-santa-cruz\/","title":{"rendered":"Bolivia registra 632 focos de calor, con el 85% concentrado en Santa Cruz"},"content":{"rendered":"<p style=\"text-align: justify;\">El Gobierno nacional report\u00f3 este domingo que Bolivia registra actualmente 632 focos de calor, en el marco del inicio de la temporada de quemas en el pa\u00eds. El departamento m\u00e1s afectado es Santa Cruz, que concentra 538 focos (85 %), seguido de La Paz (52), Tarija (22), Beni (7), Pando (6), Cochabamba (3), Potos\u00ed (1), Oruro (1) y Chuquisaca (1).<\/p>\n<p style=\"text-align: justify;\">El Viceministro de Defensa Civil, Juan Carlos Calvimontes, indic\u00f3 que el pa\u00eds se encuentra oficialmente en el periodo de quemas y que ya se han activado dos planes de lucha contra incendios forestales como parte de una estrategia nacional para reducir el impacto ambiental y prevenir desastres.<\/p>\n<p style=\"text-align: justify;\">Uno de los planes es ejecutado por el Ministerio de Medio Ambiente y Agua, y el otro por el Comando Estrat\u00e9gico de las Fuerzas Armadas. Ambos forman parte del Plan de Lucha Contra Incendios Forestales 2025, que fue presentado el pasado viernes con enfoque en la protecci\u00f3n de la vida y el medioambiente.<\/p>\n<p style=\"text-align: justify;\">Estas medidas incluyen acciones de reacci\u00f3n r\u00e1pida, control m\u00f3vil, monitoreo permanente y reforestaci\u00f3n, seg\u00fan detall\u00f3 Calvimontes. Para reforzar la capacidad operativa, se estableci\u00f3 que desde el pr\u00f3ximo 15 de julio comenzar\u00e1n los patrullajes terrestres de las Fuerzas Armadas en municipios con antecedentes de quemas frecuentes.<\/p>\n<p style=\"text-align: justify;\">Adem\u00e1s, a partir de esa misma fecha se pondr\u00e1 en marcha el Centro Nacional de Monitoreo, que permitir\u00e1 coordinar acciones en tiempo real y fortalecer la vigilancia de zonas cr\u00edticas. Paralelamente, cada unidad militar del pa\u00eds contar\u00e1 con su propio centro de control operativo.<\/p>\n<p style=\"text-align: justify;\">Se prev\u00e9 la instalaci\u00f3n de puestos de control en regiones con alta incidencia de incendios como Robor\u00e9, San Ignacio de Velasco, Guarayos, San Jos\u00e9 de Chiquitos, entre otras.<\/p>\n<p style=\"text-align: justify;\">El Viceministro inform\u00f3 tambi\u00e9n que se cuenta con un presupuesto de 40 millones de bolivianos para enfrentar la temporada de incendios a nivel nacional.<\/p>\n<p style=\"text-align: justify;\">Finalmente, explic\u00f3 que las heladas y la humedad presentes en varias regiones est\u00e1n contribuyendo temporalmente a mitigar los focos de calor, aunque pidi\u00f3 mantener la alerta ante el avance de la \u00e9poca seca.<\/p>\n","protected":false},"excerpt":{"rendered":"<p>El Gobierno nacional report\u00f3 este domingo que Bolivia registra actualmente 632 focos de calor, en el marco del inicio de la temporada de quemas en el pa\u00eds. El departamento m\u00e1s afectado es Santa Cruz, que concentra 538 focos (85 %), seguido de La Paz (52), Tarija (22), Beni (7), Pando (6), Cochabamba (3), Potos\u00ed (1), [&hellip;]<\/p>\n","protected":false},"author":2,"featured_media":78234,"comment_status":"closed","ping_status":"open","sticky":false,"template":"","format":"standard","meta":{"footnotes":""},"categories":[20],"tags":[],"class_list":{"0":"post-78233","1":"post","2":"type-post","3":"status-publish","4":"format-standard","5":"has-post-thumbnail","7":"category-actualidad"},"_links":{"self":[{"href":"https:\/\/jms.com.bo\/mediamonitor\/wp-json\/wp\/v2\/posts\/78233","targetHints":{"allow":["GET"]}}],"collection":[{"href":"https:\/\/jms.com.bo\/mediamonitor\/wp-json\/wp\/v2\/posts"}],"about":[{"href":"https:\/\/jms.com.bo\/mediamonitor\/wp-json\/wp\/v2\/types\/post"}],"author":[{"embeddable":true,"href":"https:\/\/jms.com.bo\/mediamonitor\/wp-json\/wp\/v2\/users\/2"}],"replies":[{"embeddable":true,"href":"https:\/\/jms.com.bo\/mediamonitor\/wp-json\/wp\/v2\/comments?post=78233"}],"version-history":[{"count":0,"href":"https:\/\/jms.com.bo\/mediamonitor\/wp-json\/wp\/v2\/posts\/78233\/revisions"}],"wp:featuredmedia":[{"embeddable":true,"href":"https:\/\/jms.com.bo\/mediamonitor\/wp-json\/wp\/v2\/media\/78234"}],"wp:attachment":[{"href":"https:\/\/jms.com.bo\/mediamonitor\/wp-json\/wp\/v2\/media?parent=78233"}],"wp:term":[{"taxonomy":"category","embeddable":true,"href":"https:\/\/jms.com.bo\/mediamonitor\/wp-json\/wp\/v2\/categories?post=78233"},{"taxonomy":"post_tag","embeddable":true,"href":"https:\/\/jms.com.bo\/mediamonitor\/wp-json\/wp\/v2\/tags?post=78233"}],"curies":[{"name":"wp","href":"https:\/\/api.w.org\/{rel}","templated":true}]}}