{"id":78238,"date":"2025-07-08T07:22:31","date_gmt":"2025-07-08T11:22:31","guid":{"rendered":"https:\/\/jms.com.bo\/mediamonitor\/2025\/07\/08\/caso-dunn-ingresa-a-cuarto-intermedio-en-sala-plena-del-tse\/"},"modified":"2025-07-08T07:22:31","modified_gmt":"2025-07-08T11:22:31","slug":"caso-dunn-ingresa-a-cuarto-intermedio-en-sala-plena-del-tse","status":"publish","type":"post","link":"https:\/\/jms.com.bo\/mediamonitor\/2025\/07\/08\/caso-dunn-ingresa-a-cuarto-intermedio-en-sala-plena-del-tse\/","title":{"rendered":"Caso Dunn ingresa a cuarto intermedio en sala plena del TSE"},"content":{"rendered":"<p style=\"text-align: justify;\">La sala plena del Tribunal Supremo Electoral (TSE) volvi\u00f3 a diferir hasta este martes la resoluci\u00f3n respecto del caso del candidato, Jaime Dunn, porque esta noche no hubo el consenso suficiente para emitir la decisi\u00f3n final, confirmaron las fuentes del ente electoral.<\/p>\n<p style=\"text-align: justify;\">Este lunes, Jaime Dunn present\u00f3 las pruebas de reciente obtenci\u00f3n, como un nuevo certificado de solvencia emitido por la Contralor\u00eda General del Estado (CGE). El candidato dej\u00f3 en ventanilla el documento y en horas de la tarde empez\u00f3 la revisi\u00f3n, primero en secretar\u00eda de c\u00e1mara y luego en sala plena.<\/p>\n<p style=\"text-align: justify;\">Dunn es el \u00fanico candidato cuya participaci\u00f3n sigue en duda porque fue inhabilitado por no cumplir con el requisito de no tener deudas con el Estado. El 19 de mayo, NGP present\u00f3 su lista de candidatos a las elecciones nacionales, pero, demor\u00f3 la de Dunn porque este no ten\u00eda todos los documentos.<\/p>\n<p style=\"text-align: justify;\">En su lugar fue inscrito Fidel Tapia, qui\u00e9n s\u00ed ten\u00eda todos sus documentos y permaneci\u00f3 en la n\u00f3mina hasta el 25 de junio cuando present\u00f3 su renuncia y casi en paralelo Jaime Dunn consigui\u00f3 el certificado de solvencia de la Contralor\u00eda. Sin embargo, ese documento agrav\u00f3 su situaci\u00f3n porque la Alcald\u00eda de El Alto \u2013donde trabaj\u00f3 Dunn\u2013 dijo que este segu\u00eda teniendo cuentas pendientes de pago.<\/p>\n<p style=\"text-align: justify;\">El 2 de julio, luego de revisar los documentos del candidato, la sala plena hac\u00eda conocer que se inhabilitaba esa postulaci\u00f3n porque sus documentos no estaban completos, aunque abri\u00f3 un comp\u00e1s de espera por una posible impugnaci\u00f3n a su decisi\u00f3n. Este lunes Dunn y los asesores de NGP presentaron el documento y la sala plena entr\u00f3 en sesi\u00f3n.<\/p>\n","protected":false},"excerpt":{"rendered":"<p>La sala plena del Tribunal Supremo Electoral (TSE) volvi\u00f3 a diferir hasta este martes la resoluci\u00f3n respecto del caso del candidato, Jaime Dunn, porque esta noche no hubo el consenso suficiente para emitir la decisi\u00f3n final, confirmaron las fuentes del ente electoral. Este lunes, Jaime Dunn present\u00f3 las pruebas de reciente obtenci\u00f3n, como un nuevo [&hellip;]<\/p>\n","protected":false},"author":2,"featured_media":78239,"comment_status":"closed","ping_status":"open","sticky":false,"template":"","format":"standard","meta":{"footnotes":""},"categories":[18],"tags":[],"class_list":{"0":"post-78238","1":"post","2":"type-post","3":"status-publish","4":"format-standard","5":"has-post-thumbnail","7":"category-politica"},"_links":{"self":[{"href":"https:\/\/jms.com.bo\/mediamonitor\/wp-json\/wp\/v2\/posts\/78238","targetHints":{"allow":["GET"]}}],"collection":[{"href":"https:\/\/jms.com.bo\/mediamonitor\/wp-json\/wp\/v2\/posts"}],"about":[{"href":"https:\/\/jms.com.bo\/mediamonitor\/wp-json\/wp\/v2\/types\/post"}],"author":[{"embeddable":true,"href":"https:\/\/jms.com.bo\/mediamonitor\/wp-json\/wp\/v2\/users\/2"}],"replies":[{"embeddable":true,"href":"https:\/\/jms.com.bo\/mediamonitor\/wp-json\/wp\/v2\/comments?post=78238"}],"version-history":[{"count":0,"href":"https:\/\/jms.com.bo\/mediamonitor\/wp-json\/wp\/v2\/posts\/78238\/revisions"}],"wp:featuredmedia":[{"embeddable":true,"href":"https:\/\/jms.com.bo\/mediamonitor\/wp-json\/wp\/v2\/media\/78239"}],"wp:attachment":[{"href":"https:\/\/jms.com.bo\/mediamonitor\/wp-json\/wp\/v2\/media?parent=78238"}],"wp:term":[{"taxonomy":"category","embeddable":true,"href":"https:\/\/jms.com.bo\/mediamonitor\/wp-json\/wp\/v2\/categories?post=78238"},{"taxonomy":"post_tag","embeddable":true,"href":"https:\/\/jms.com.bo\/mediamonitor\/wp-json\/wp\/v2\/tags?post=78238"}],"curies":[{"name":"wp","href":"https:\/\/api.w.org\/{rel}","templated":true}]}}