{"id":78240,"date":"2025-07-08T07:24:00","date_gmt":"2025-07-08T11:24:00","guid":{"rendered":"https:\/\/jms.com.bo\/mediamonitor\/2025\/07\/08\/tse-denuncia-ataques-sistematicos-por-parte-de-actores-politicos-y-sociales\/"},"modified":"2025-07-08T07:24:00","modified_gmt":"2025-07-08T11:24:00","slug":"tse-denuncia-ataques-sistematicos-por-parte-de-actores-politicos-y-sociales","status":"publish","type":"post","link":"https:\/\/jms.com.bo\/mediamonitor\/2025\/07\/08\/tse-denuncia-ataques-sistematicos-por-parte-de-actores-politicos-y-sociales\/","title":{"rendered":"TSE denuncia ataques sistem\u00e1ticos por parte de actores pol\u00edticos y sociales"},"content":{"rendered":"<p style=\"text-align: justify;\">Advirtiendo que se busca obstaculizar la organizaci\u00f3n y realizaci\u00f3n de las Elecciones Generales de 2025, desde el Tribunal Supremo Electoral (TSE) se alert\u00f3 a la ciudadan\u00eda boliviana y a la comunidad internacional sobre una escalada de ataques sistem\u00e1ticos y planificados, promovidos por ciertos actores pol\u00edticos y sociales para desacreditar y amedrentar a esta instituci\u00f3n y a sus m\u00e1ximas autoridades<\/p>\n<p style=\"text-align: justify;\">A trav\u00e9s de un pronunciamiento, el ente electoral cuestion\u00f3 que, mediante ataques, acusaciones infundadas, campa\u00f1as de desinformaci\u00f3n medi\u00e1tica y amenazas veladas contra la integridad de los vocales del TSE, se pretenda debilitar la institucionalidad del \u00d3EP, erosionando la confianza de la ciudadana en el sistema democr\u00e1tico.<\/p>\n<p style=\"text-align: justify;\">\u201cEl TSE reafirma que desarrolla sus funciones con apego estricto a la Constituci\u00f3n Pol\u00edtica del Estado y a la legislaci\u00f3n electoral vigente, y que no ceder\u00e1 ante presiones pol\u00edticas ni intereses sectoriales que pretenden condicionar sus decisiones o interferir en el normal desarrollo del proceso electoral\u201d, se\u00f1ala el documento.<\/p>\n<p style=\"text-align: justify;\">Asimismo, se record\u00f3 que el OEP es una instituci\u00f3n independiente y aut\u00f3noma, con igual jerarqu\u00eda que los otros \u00f3rganos del Estado, conforme lo establece la Ley del \u00d3rgano Electoral Plurinacional, y que su labor no est\u00e1 sujeta a injerencia ni tutela de ning\u00fan poder pol\u00edtico o institucional.<\/p>\n<p style=\"text-align: justify;\">En ese sentido, se inst\u00f3 a actores pol\u00edticos y sociales a deponer acciones que socavan la institucionalidad democr\u00e1tica, generan confrontaci\u00f3n y amenazan la paz social, en un contexto en el que debe primar la responsabilidad, el respeto y el compromiso con la estabilidad del pa\u00eds.<\/p>\n<p style=\"text-align: justify;\">\u201cEl TSE reafirma su compromiso con el pueblo boliviano de garantizar, conforme al mandato constitucional, elecciones generales transparentes, inclusivas, justas, \u00edntegras y t\u00e9cnicamente confiables, previstas para el 17 de agosto de 2025\u201d, finaliza el comunicado.<\/p>\n","protected":false},"excerpt":{"rendered":"<p>Advirtiendo que se busca obstaculizar la organizaci\u00f3n y realizaci\u00f3n de las Elecciones Generales de 2025, desde el Tribunal Supremo Electoral (TSE) se alert\u00f3 a la ciudadan\u00eda boliviana y a la comunidad internacional sobre una escalada de ataques sistem\u00e1ticos y planificados, promovidos por ciertos actores pol\u00edticos y sociales para desacreditar y amedrentar a esta instituci\u00f3n y [&hellip;]<\/p>\n","protected":false},"author":2,"featured_media":78241,"comment_status":"closed","ping_status":"open","sticky":false,"template":"","format":"standard","meta":{"footnotes":""},"categories":[18,48,46],"tags":[],"class_list":{"0":"post-78240","1":"post","2":"type-post","3":"status-publish","4":"format-standard","5":"has-post-thumbnail","7":"category-politica","8":"category-portada-general-sitio","9":"category-portada-politica"},"_links":{"self":[{"href":"https:\/\/jms.com.bo\/mediamonitor\/wp-json\/wp\/v2\/posts\/78240","targetHints":{"allow":["GET"]}}],"collection":[{"href":"https:\/\/jms.com.bo\/mediamonitor\/wp-json\/wp\/v2\/posts"}],"about":[{"href":"https:\/\/jms.com.bo\/mediamonitor\/wp-json\/wp\/v2\/types\/post"}],"author":[{"embeddable":true,"href":"https:\/\/jms.com.bo\/mediamonitor\/wp-json\/wp\/v2\/users\/2"}],"replies":[{"embeddable":true,"href":"https:\/\/jms.com.bo\/mediamonitor\/wp-json\/wp\/v2\/comments?post=78240"}],"version-history":[{"count":0,"href":"https:\/\/jms.com.bo\/mediamonitor\/wp-json\/wp\/v2\/posts\/78240\/revisions"}],"wp:featuredmedia":[{"embeddable":true,"href":"https:\/\/jms.com.bo\/mediamonitor\/wp-json\/wp\/v2\/media\/78241"}],"wp:attachment":[{"href":"https:\/\/jms.com.bo\/mediamonitor\/wp-json\/wp\/v2\/media?parent=78240"}],"wp:term":[{"taxonomy":"category","embeddable":true,"href":"https:\/\/jms.com.bo\/mediamonitor\/wp-json\/wp\/v2\/categories?post=78240"},{"taxonomy":"post_tag","embeddable":true,"href":"https:\/\/jms.com.bo\/mediamonitor\/wp-json\/wp\/v2\/tags?post=78240"}],"curies":[{"name":"wp","href":"https:\/\/api.w.org\/{rel}","templated":true}]}}