{"id":78255,"date":"2025-07-08T07:42:36","date_gmt":"2025-07-08T11:42:36","guid":{"rendered":"https:\/\/jms.com.bo\/mediamonitor\/2025\/07\/08\/el-modelo-tambalea-la-economia-casi-no-crece-y-los-hidrocarburos-se-desploman-un-134\/"},"modified":"2025-07-08T07:42:36","modified_gmt":"2025-07-08T11:42:36","slug":"el-modelo-tambalea-la-economia-casi-no-crece-y-los-hidrocarburos-se-desploman-un-134","status":"publish","type":"post","link":"https:\/\/jms.com.bo\/mediamonitor\/2025\/07\/08\/el-modelo-tambalea-la-economia-casi-no-crece-y-los-hidrocarburos-se-desploman-un-134\/","title":{"rendered":"El modelo tambalea: la econom\u00eda casi no crece y los hidrocarburos se desploman un -13,4%"},"content":{"rendered":"<p style=\"text-align: justify;\">La econom\u00eda boliviana cerr\u00f3 2024 con un crecimiento de apenas 0,73%, seg\u00fan el informe publicado por el Instituto Nacional de Estad\u00edstica (INE). Aunque se trata de una expansi\u00f3n positiva en t\u00e9rminos t\u00e9cnicos, el dato revela m\u00e1s un estancamiento que un avance real, sobre todo considerando que en los primeros nueve meses del a\u00f1o la econom\u00eda hab\u00eda acumulado un 2% de crecimiento. \u00bfQu\u00e9 pas\u00f3? El \u00faltimo trimestre fue clave: el PIB cay\u00f3 -2,60% respecto al mismo per\u00edodo del a\u00f1o anterior.<\/p>\n<p style=\"text-align: justify;\">Este freno se explica, seg\u00fan el propio INE, por una combinaci\u00f3n de factores internos: la intensificaci\u00f3n de conflictos pol\u00edticos, bloqueos de caminos prolongados por sectores afines al \u201cevismo\u201d y una creciente par\u00e1lisis institucional que deterior\u00f3 la confianza y la fluidez de las actividades econ\u00f3micas. La cadena productiva fue golpeada con fuerza, especialmente en sectores estrat\u00e9gicos.<\/p>\n<p style=\"text-align: justify;\">Hidrocarburos<\/p>\n<p style=\"text-align: justify;\">El caso m\u00e1s cr\u00edtico fue el de los hidrocarburos. La extracci\u00f3n de petr\u00f3leo crudo y gas natural se desplom\u00f3 un -13,41%, convirti\u00e9ndose en la actividad con peor desempe\u00f1o del a\u00f1o, seg\u00fan el INE. Esta ca\u00edda no solo refleja la declinaci\u00f3n natural de los campos de producci\u00f3n \u2014problema estructural ya advertido por expertos\u2014, sino tambi\u00e9n una preocupante falta de inversi\u00f3n y renovaci\u00f3n en el sector, clave para las finanzas p\u00fablicas y las exportaciones.<\/p>\n<p style=\"text-align: justify;\">La situaci\u00f3n es doblemente grave si se considera que el modelo econ\u00f3mico boliviano sigue dependiendo en gran medida de los ingresos generados por el gas natural. Sin una estrategia clara de recuperaci\u00f3n y sin inversiones en exploraci\u00f3n, el pa\u00eds arriesga quedarse sin uno de sus pilares de sustento fiscal.<\/p>\n<p style=\"text-align: justify;\">Otros sectores<\/p>\n<p style=\"text-align: justify;\">En contraste, algunos sectores lograron sortear el entorno adverso. La miner\u00eda, especialmente la producci\u00f3n de zinc, creci\u00f3 un 4,72%; los servicios comunales, sociales y personales aumentaron 4,50%; y los establecimientos financieros crecieron 4,31%, impulsados por operaciones en moneda extranjera. Este \u00faltimo dato, si bien positivo, tambi\u00e9n podr\u00eda interpretarse como una se\u00f1al de dolarizaci\u00f3n creciente en medio de una crisis de confianza hacia el boliviano.<\/p>\n<p style=\"text-align: justify;\">La construcci\u00f3n (+2,69%), las comunicaciones (+1,76%) y la agropecuaria (+1,63%) tambi\u00e9n aportaron con variaciones positivas, aunque insuficientes para compensar la debacle en hidrocarburos. La industria manufacturera (apenas +0,18%) y el comercio (+1,34%) reflejan la debilidad del consumo interno.<\/p>\n<p style=\"text-align: justify;\">M\u00e1s all\u00e1 del n\u00famero general, lo que deja claro el informe es que la econom\u00eda boliviana se encuentra en una encrucijada, con su principal fuente de ingresos naturales en retroceso.<\/p>\n<p style=\"text-align: justify;\">A esto se suma la creciente inflaci\u00f3n, que, seg\u00fan el INE, en junio un salto de 5,21% respecto de mayo, la peor cifra de los \u00faltimos a\u00f1os.<\/p>\n<p style=\"text-align: justify;\">El INE reconoci\u00f3 el impacto de este encarecimiento del costo de vida en el pa\u00eds, y lo atribuye principalmente a los bloqueos.<\/p>\n<p style=\"text-align: justify;\">Con el dato de junio, la inflaci\u00f3n acumulada de los primeros seis meses del a\u00f1o llega al 15,53%, lo cual significa m\u00e1s del doble del previsto por el Gobierno para todo este a\u00f1o: solo un 7,5% anual.<\/p>\n","protected":false},"excerpt":{"rendered":"<p>La econom\u00eda boliviana cerr\u00f3 2024 con un crecimiento de apenas 0,73%, seg\u00fan el informe publicado por el Instituto Nacional de Estad\u00edstica (INE). Aunque se trata de una expansi\u00f3n positiva en t\u00e9rminos t\u00e9cnicos, el dato revela m\u00e1s un estancamiento que un avance real, sobre todo considerando que en los primeros nueve meses del a\u00f1o la econom\u00eda [&hellip;]<\/p>\n","protected":false},"author":2,"featured_media":77830,"comment_status":"closed","ping_status":"open","sticky":false,"template":"","format":"standard","meta":{"footnotes":""},"categories":[1],"tags":[],"class_list":{"0":"post-78255","1":"post","2":"type-post","3":"status-publish","4":"format-standard","5":"has-post-thumbnail","7":"category-uncategorized"},"_links":{"self":[{"href":"https:\/\/jms.com.bo\/mediamonitor\/wp-json\/wp\/v2\/posts\/78255","targetHints":{"allow":["GET"]}}],"collection":[{"href":"https:\/\/jms.com.bo\/mediamonitor\/wp-json\/wp\/v2\/posts"}],"about":[{"href":"https:\/\/jms.com.bo\/mediamonitor\/wp-json\/wp\/v2\/types\/post"}],"author":[{"embeddable":true,"href":"https:\/\/jms.com.bo\/mediamonitor\/wp-json\/wp\/v2\/users\/2"}],"replies":[{"embeddable":true,"href":"https:\/\/jms.com.bo\/mediamonitor\/wp-json\/wp\/v2\/comments?post=78255"}],"version-history":[{"count":0,"href":"https:\/\/jms.com.bo\/mediamonitor\/wp-json\/wp\/v2\/posts\/78255\/revisions"}],"wp:featuredmedia":[{"embeddable":true,"href":"https:\/\/jms.com.bo\/mediamonitor\/wp-json\/wp\/v2\/media\/77830"}],"wp:attachment":[{"href":"https:\/\/jms.com.bo\/mediamonitor\/wp-json\/wp\/v2\/media?parent=78255"}],"wp:term":[{"taxonomy":"category","embeddable":true,"href":"https:\/\/jms.com.bo\/mediamonitor\/wp-json\/wp\/v2\/categories?post=78255"},{"taxonomy":"post_tag","embeddable":true,"href":"https:\/\/jms.com.bo\/mediamonitor\/wp-json\/wp\/v2\/tags?post=78255"}],"curies":[{"name":"wp","href":"https:\/\/api.w.org\/{rel}","templated":true}]}}