{"id":78262,"date":"2025-07-09T06:54:13","date_gmt":"2025-07-09T10:54:13","guid":{"rendered":"https:\/\/jms.com.bo\/mediamonitor\/2025\/07\/09\/suman-92-casos-de-sarampion-en-6-departamentos-el-888-esta-en-santa-cruz\/"},"modified":"2025-07-09T06:54:13","modified_gmt":"2025-07-09T10:54:13","slug":"suman-92-casos-de-sarampion-en-6-departamentos-el-888-esta-en-santa-cruz","status":"publish","type":"post","link":"https:\/\/jms.com.bo\/mediamonitor\/2025\/07\/09\/suman-92-casos-de-sarampion-en-6-departamentos-el-888-esta-en-santa-cruz\/","title":{"rendered":"Suman 92 casos de sarampi\u00f3n en 6 departamentos; el 88,8% est\u00e1 en Santa Cruz"},"content":{"rendered":"<p style=\"text-align: justify;\">El viceministro de Vigilancia Epidemiol\u00f3gica, Max Enr\u00edquez, inform\u00f3 que hasta la noche del lunes se reportaron 92 casos de sarampi\u00f3n en seis departamentos del pa\u00eds. El 88,8% de los pacientes corresponde a Santa Cruz.<\/p>\n<p style=\"text-align: justify;\">\u201cTenemos 92 casos reportados hasta las 21:00 de ayer. De estos, 81 est\u00e1n en Santa Cruz, cinco en La Paz, tenemos uno en Oruro, otro en el Beni, tenemos en Chuquisaca un primer caso y en Potos\u00ed tenemos tres casos, lo cual hacen 92\u201d, inform\u00f3 Enr\u00edquez esta ma\u00f1ana a Unitel.<\/p>\n<p style=\"text-align: justify;\">La mayor\u00eda de los casos se presenta en menores de entre 5 y 17 a\u00f1os, principalmente varones, ya que 56 de los contagios corresponden a hombres.<\/p>\n<p style=\"text-align: justify;\">M\u00e1s contagios y vacunaci\u00f3n<\/p>\n<p style=\"text-align: justify;\">El viceministro afirm\u00f3 que a\u00fan no se alcanz\u00f3 el \u201cpico m\u00e1ximo\u201d de contagios, aunque se espera mantener la situaci\u00f3n bajo control. Por ello, el Gobierno moviliza brigadas de vacunaci\u00f3n e insiste en que los padres acudan con sus hijos a los centros de salud.<\/p>\n<p style=\"text-align: justify;\">\u201cEsta incorporaci\u00f3n de nuevos casos ojal\u00e1 que sea en este ritmo gradual y no tengamos un pico as\u00ed elevado donde podamos entrar en un descontrol\u201d, afirm\u00f3.<\/p>\n<p style=\"text-align: justify;\">Brote internacional<\/p>\n<p style=\"text-align: justify;\">Enr\u00edquez advirti\u00f3 que tambi\u00e9n se reportan casos en pa\u00edses vecinos como Argentina, Brasil y Per\u00fa, con los que Bolivia mantiene un v\u00ednculo estrecho.<\/p>\n<p style=\"text-align: justify;\">En Brasil, por ejemplo, desde hace algo m\u00e1s de dos a\u00f1os se ha trabajado en el control de la enfermedad que report\u00f3 m\u00e1s de 36 mil casos.<\/p>\n<p style=\"text-align: justify;\">Sobre Argentina, se\u00f1al\u00f3 que el \u00faltimo informe conocido daba cuenta de 30 casos en la ciudad de Buenos Aires.<\/p>\n<p style=\"text-align: justify;\">\u201cLuego tambi\u00e9n tenemos casos en el Per\u00fa, aunque en menor proporci\u00f3n, pero tambi\u00e9n tenemos un v\u00ednculo bastante estrecho con estos tres pa\u00edses que rodean al nuestro. Entonces, siempre que hay un brote se comunica internacionalmente\u201d, afirm\u00f3.<\/p>\n<p style=\"text-align: justify;\">Contagios en poblaciones menonitas<\/p>\n<p style=\"text-align: justify;\">El viceministro inform\u00f3 que los contagios aumentan tambi\u00e9n en algunas colonias menonitas, debido a su resistencia a la vacunaci\u00f3n. Indic\u00f3 que se mantienen conversaciones permanentes con estos grupos para explicarles que, al igual que el resto de la poblaci\u00f3n, deben vacunarse.<\/p>\n<p style=\"text-align: justify;\">\u201cSiguen sumando los casos en una poblaci\u00f3n menonita en la cual hemos encontrado el inicio de este brote epid\u00e9mico con ya m\u00e1s de 35 casos dentro de estas comunidades\u201d, inform\u00f3.<\/p>\n<p style=\"text-align: justify;\">Coment\u00f3 que el ingreso a estas comunidades resulta complicado por su estructura cerrada; sin embargo, algunas ya permitieron el acceso del personal de salud.<\/p>\n<p style=\"text-align: justify;\">\u201cEstamos tomando contacto. Hay algunos que se han empezado a aperturar. Creemos que eso es lo que vamos a lograr con estas m\u00e1s de 200 comunidades menonitas para evitar la transmisi\u00f3n y el riesgo que nos pone al resto del pa\u00eds cuando circule este tipo de enfermedad\u201d, afirm\u00f3.<\/p>\n<p style=\"text-align: justify;\">El 23 de junio, el Gobierno declar\u00f3 emergencia sanitaria nacional por el brote. La principal medida adoptada es la vacunaci\u00f3n masiva de ni\u00f1os. Inicialmente se dirigi\u00f3 a menores de cinco a\u00f1os, pero luego se ampli\u00f3 hasta los nueve.<\/p>\n","protected":false},"excerpt":{"rendered":"<p>El viceministro de Vigilancia Epidemiol\u00f3gica, Max Enr\u00edquez, inform\u00f3 que hasta la noche del lunes se reportaron 92 casos de sarampi\u00f3n en seis departamentos del pa\u00eds. El 88,8% de los pacientes corresponde a Santa Cruz. \u201cTenemos 92 casos reportados hasta las 21:00 de ayer. De estos, 81 est\u00e1n en Santa Cruz, cinco en La Paz, tenemos [&hellip;]<\/p>\n","protected":false},"author":2,"featured_media":78263,"comment_status":"closed","ping_status":"open","sticky":false,"template":"","format":"standard","meta":{"footnotes":""},"categories":[53],"tags":[],"class_list":{"0":"post-78262","1":"post","2":"type-post","3":"status-publish","4":"format-standard","5":"has-post-thumbnail","7":"category-salud"},"_links":{"self":[{"href":"https:\/\/jms.com.bo\/mediamonitor\/wp-json\/wp\/v2\/posts\/78262","targetHints":{"allow":["GET"]}}],"collection":[{"href":"https:\/\/jms.com.bo\/mediamonitor\/wp-json\/wp\/v2\/posts"}],"about":[{"href":"https:\/\/jms.com.bo\/mediamonitor\/wp-json\/wp\/v2\/types\/post"}],"author":[{"embeddable":true,"href":"https:\/\/jms.com.bo\/mediamonitor\/wp-json\/wp\/v2\/users\/2"}],"replies":[{"embeddable":true,"href":"https:\/\/jms.com.bo\/mediamonitor\/wp-json\/wp\/v2\/comments?post=78262"}],"version-history":[{"count":0,"href":"https:\/\/jms.com.bo\/mediamonitor\/wp-json\/wp\/v2\/posts\/78262\/revisions"}],"wp:featuredmedia":[{"embeddable":true,"href":"https:\/\/jms.com.bo\/mediamonitor\/wp-json\/wp\/v2\/media\/78263"}],"wp:attachment":[{"href":"https:\/\/jms.com.bo\/mediamonitor\/wp-json\/wp\/v2\/media?parent=78262"}],"wp:term":[{"taxonomy":"category","embeddable":true,"href":"https:\/\/jms.com.bo\/mediamonitor\/wp-json\/wp\/v2\/categories?post=78262"},{"taxonomy":"post_tag","embeddable":true,"href":"https:\/\/jms.com.bo\/mediamonitor\/wp-json\/wp\/v2\/tags?post=78262"}],"curies":[{"name":"wp","href":"https:\/\/api.w.org\/{rel}","templated":true}]}}