{"id":78264,"date":"2025-07-09T06:55:31","date_gmt":"2025-07-09T10:55:31","guid":{"rendered":"https:\/\/jms.com.bo\/mediamonitor\/2025\/07\/09\/heladas-golpean-a-seis-departamentos-y-dejan-mas-de-3-500-comunidades-afectadas\/"},"modified":"2025-07-09T06:55:31","modified_gmt":"2025-07-09T10:55:31","slug":"heladas-golpean-a-seis-departamentos-y-dejan-mas-de-3-500-comunidades-afectadas","status":"publish","type":"post","link":"https:\/\/jms.com.bo\/mediamonitor\/2025\/07\/09\/heladas-golpean-a-seis-departamentos-y-dejan-mas-de-3-500-comunidades-afectadas\/","title":{"rendered":"Heladas golpean a seis departamentos y dejan m\u00e1s de 3.500 comunidades afectadas"},"content":{"rendered":"<p style=\"text-align: justify;\">Las intensas heladas que azotan al pa\u00eds desde junio siguen causando estragos en varias regiones, dejando un saldo alarmante de comunidades y municipios afectados. Seg\u00fan el viceministro de Defensa Civil, Juan Carlos Calvimontes, actualmente seis departamentos enfrentan serias consecuencias por las bajas temperaturas: Chuquisaca, Cochabamba, La Paz, Oruro, Potos\u00ed y Tarija.<\/p>\n<p style=\"text-align: justify;\">\u201cHasta la fecha son seis los departamentos afectados (&#8230;). Tenemos 92 municipios declarados en desastre\u201d, inform\u00f3 este martes la autoridad, quien tambi\u00e9n confirm\u00f3 que Tarija se sum\u00f3 recientemente a esta lista, al declararse oficialmente en desastre por el impacto del fen\u00f3meno clim\u00e1tico.<\/p>\n<p style=\"text-align: justify;\">Adem\u00e1s, detall\u00f3 que 127 municipios ya registran alg\u00fan tipo de afectaci\u00f3n, 12 est\u00e1n en emergencia y m\u00e1s de 3.500 comunidades enfrentan da\u00f1os, especialmente en el sector agr\u00edcola. Calvimontes advirti\u00f3 que la situaci\u00f3n no mejorar\u00e1 pronto, ya que el Senamhi ha pronosticado que el fr\u00edo extremo continuar\u00e1 durante todo julio.<\/p>\n<p style=\"text-align: justify;\">Uno de los casos m\u00e1s cr\u00edticos se encuentra en el municipio de Mizque, en Cochabamba. Seg\u00fan el jefe de la Unidad de Gesti\u00f3n de Riesgos, Ramiro L\u00f3pez, las heladas han perjudicado los cultivos de 18 comunidades, principalmente de papa y hortalizas, lo que compromete seriamente la seguridad alimentaria local.<\/p>\n<p style=\"text-align: justify;\">En el departamento de Potos\u00ed, las temperaturas descendieron hasta los 16 grados bajo cero en las zonas andinas, y podr\u00edan llegar hasta 24 grados bajo cero en \u00e1reas fronterizas con Chile, inform\u00f3 Genaro M\u00e9ndez, director de Desarrollo Agropecuario de la Gobernaci\u00f3n. Esta situaci\u00f3n afecta a miles de familias que dependen de la producci\u00f3n agr\u00edcola para subsistir.<\/p>\n","protected":false},"excerpt":{"rendered":"<p>Las intensas heladas que azotan al pa\u00eds desde junio siguen causando estragos en varias regiones, dejando un saldo alarmante de comunidades y municipios afectados. Seg\u00fan el viceministro de Defensa Civil, Juan Carlos Calvimontes, actualmente seis departamentos enfrentan serias consecuencias por las bajas temperaturas: Chuquisaca, Cochabamba, La Paz, Oruro, Potos\u00ed y Tarija. \u201cHasta la fecha son [&hellip;]<\/p>\n","protected":false},"author":2,"featured_media":78265,"comment_status":"closed","ping_status":"open","sticky":false,"template":"","format":"standard","meta":{"footnotes":""},"categories":[57],"tags":[],"class_list":{"0":"post-78264","1":"post","2":"type-post","3":"status-publish","4":"format-standard","5":"has-post-thumbnail","7":"category-alimentos-y-agroindustria"},"_links":{"self":[{"href":"https:\/\/jms.com.bo\/mediamonitor\/wp-json\/wp\/v2\/posts\/78264","targetHints":{"allow":["GET"]}}],"collection":[{"href":"https:\/\/jms.com.bo\/mediamonitor\/wp-json\/wp\/v2\/posts"}],"about":[{"href":"https:\/\/jms.com.bo\/mediamonitor\/wp-json\/wp\/v2\/types\/post"}],"author":[{"embeddable":true,"href":"https:\/\/jms.com.bo\/mediamonitor\/wp-json\/wp\/v2\/users\/2"}],"replies":[{"embeddable":true,"href":"https:\/\/jms.com.bo\/mediamonitor\/wp-json\/wp\/v2\/comments?post=78264"}],"version-history":[{"count":0,"href":"https:\/\/jms.com.bo\/mediamonitor\/wp-json\/wp\/v2\/posts\/78264\/revisions"}],"wp:featuredmedia":[{"embeddable":true,"href":"https:\/\/jms.com.bo\/mediamonitor\/wp-json\/wp\/v2\/media\/78265"}],"wp:attachment":[{"href":"https:\/\/jms.com.bo\/mediamonitor\/wp-json\/wp\/v2\/media?parent=78264"}],"wp:term":[{"taxonomy":"category","embeddable":true,"href":"https:\/\/jms.com.bo\/mediamonitor\/wp-json\/wp\/v2\/categories?post=78264"},{"taxonomy":"post_tag","embeddable":true,"href":"https:\/\/jms.com.bo\/mediamonitor\/wp-json\/wp\/v2\/tags?post=78264"}],"curies":[{"name":"wp","href":"https:\/\/api.w.org\/{rel}","templated":true}]}}