{"id":78270,"date":"2025-07-09T07:00:22","date_gmt":"2025-07-09T11:00:22","guid":{"rendered":"https:\/\/jms.com.bo\/mediamonitor\/2025\/07\/09\/beni-va-a-paro-civico-por-presupuesto-para-salud\/"},"modified":"2025-07-09T07:00:22","modified_gmt":"2025-07-09T11:00:22","slug":"beni-va-a-paro-civico-por-presupuesto-para-salud","status":"publish","type":"post","link":"https:\/\/jms.com.bo\/mediamonitor\/2025\/07\/09\/beni-va-a-paro-civico-por-presupuesto-para-salud\/","title":{"rendered":"Beni va a paro c\u00edvico por presupuesto para salud"},"content":{"rendered":"<p style=\"text-align: justify;\">El departamento de Beni cumplir\u00e1 un paro c\u00edvico de 24 horas este jueves, en demanda de presupuesto para su sistema de salud, que est\u00e1 al borde del colapso por falta de recursos del Sistema Universal de Salud (SUS).<\/p>\n<p style=\"text-align: justify;\">El presidente del Colegio M\u00e9dico de Beni, Carmelo Merubia, confirm\u00f3 a El Deber que la medida se debe a la falta de insumos y salarios impagos en hospitales clave. Por su parte, el gobernador Alejandro Unzueta denunci\u00f3 que el Hospital Materno Infantil solo recibi\u00f3 Bs 1 mill\u00f3n de los Bs 3,8 millones presupuestados.<\/p>\n<p style=\"text-align: justify;\">El Comit\u00e9 C\u00edvico condicion\u00f3 la suspensi\u00f3n de la protesta a la llegada de los ministros de Salud y Econom\u00eda a Trinidad para buscar una soluci\u00f3n.<\/p>\n","protected":false},"excerpt":{"rendered":"<p>El departamento de Beni cumplir\u00e1 un paro c\u00edvico de 24 horas este jueves, en demanda de presupuesto para su sistema de salud, que est\u00e1 al borde del colapso por falta de recursos del Sistema Universal de Salud (SUS). El presidente del Colegio M\u00e9dico de Beni, Carmelo Merubia, confirm\u00f3 a El Deber que la medida se [&hellip;]<\/p>\n","protected":false},"author":2,"featured_media":77222,"comment_status":"closed","ping_status":"open","sticky":false,"template":"","format":"standard","meta":{"footnotes":""},"categories":[49],"tags":[],"class_list":{"0":"post-78270","1":"post","2":"type-post","3":"status-publish","4":"format-standard","5":"has-post-thumbnail","7":"category-social"},"_links":{"self":[{"href":"https:\/\/jms.com.bo\/mediamonitor\/wp-json\/wp\/v2\/posts\/78270","targetHints":{"allow":["GET"]}}],"collection":[{"href":"https:\/\/jms.com.bo\/mediamonitor\/wp-json\/wp\/v2\/posts"}],"about":[{"href":"https:\/\/jms.com.bo\/mediamonitor\/wp-json\/wp\/v2\/types\/post"}],"author":[{"embeddable":true,"href":"https:\/\/jms.com.bo\/mediamonitor\/wp-json\/wp\/v2\/users\/2"}],"replies":[{"embeddable":true,"href":"https:\/\/jms.com.bo\/mediamonitor\/wp-json\/wp\/v2\/comments?post=78270"}],"version-history":[{"count":0,"href":"https:\/\/jms.com.bo\/mediamonitor\/wp-json\/wp\/v2\/posts\/78270\/revisions"}],"wp:featuredmedia":[{"embeddable":true,"href":"https:\/\/jms.com.bo\/mediamonitor\/wp-json\/wp\/v2\/media\/77222"}],"wp:attachment":[{"href":"https:\/\/jms.com.bo\/mediamonitor\/wp-json\/wp\/v2\/media?parent=78270"}],"wp:term":[{"taxonomy":"category","embeddable":true,"href":"https:\/\/jms.com.bo\/mediamonitor\/wp-json\/wp\/v2\/categories?post=78270"},{"taxonomy":"post_tag","embeddable":true,"href":"https:\/\/jms.com.bo\/mediamonitor\/wp-json\/wp\/v2\/tags?post=78270"}],"curies":[{"name":"wp","href":"https:\/\/api.w.org\/{rel}","templated":true}]}}