{"id":78271,"date":"2025-07-09T07:01:54","date_gmt":"2025-07-09T11:01:54","guid":{"rendered":"https:\/\/jms.com.bo\/mediamonitor\/2025\/07\/09\/problemas-en-salud-nuevo-paro-fichas-insuficientes-y-protestas-en-la-cns\/"},"modified":"2025-07-09T07:01:54","modified_gmt":"2025-07-09T11:01:54","slug":"problemas-en-salud-nuevo-paro-fichas-insuficientes-y-protestas-en-la-cns","status":"publish","type":"post","link":"https:\/\/jms.com.bo\/mediamonitor\/2025\/07\/09\/problemas-en-salud-nuevo-paro-fichas-insuficientes-y-protestas-en-la-cns\/","title":{"rendered":"Problemas en salud: nuevo paro, fichas insuficientes y protestas en la CNS"},"content":{"rendered":"<p style=\"text-align: justify;\">Este mi\u00e9rcoles 9 de julio, los trabajadores del sector salud acatar\u00e1n un paro de 24 horas a nivel nacional, medida que afectar\u00e1 la atenci\u00f3n en los hospitales y centros de salud de los tres niveles en todo el departamento de Santa Cruz, tanto en \u00e1reas urbanas como rurales.<\/p>\n<p style=\"text-align: justify;\">La protesta fue confirmada por dirigentes del sector, quienes exigen el pago del bono de vacunaci\u00f3n, una compensaci\u00f3n econ\u00f3mica que, seg\u00fan denuncian, no ha sido pagada desde septiembre de 2024. Esta asignaci\u00f3n es considerada un reconocimiento por el trabajo de brigadistas que recorren barrios y comunidades en campa\u00f1as de inmunizaci\u00f3n.<\/p>\n<p style=\"text-align: justify;\">\u201cDesde septiembre del a\u00f1o pasado venimos peregrinando para que se cumpla con el pago. El vi\u00e1tico de vacunaci\u00f3n es una conquista nacional y no se nos ha cancelado hasta la fecha\u201d, se\u00f1al\u00f3 Robert Hurtado, representante de los trabajadores.<\/p>\n<p style=\"text-align: justify;\">Otra dirigente de provincias indic\u00f3 que el reglamento establece que el pago deb\u00eda realizarse hasta el 6 de julio, lo cual no se cumpli\u00f3. \u201cNo va a haber atenci\u00f3n en las provincias ni en la ciudad. Solo se atender\u00e1n casos de emergencia\u201d, precis\u00f3.<\/p>\n<p style=\"text-align: justify;\">Tras conocer que este mi\u00e9rcoles no habr\u00e1 atenci\u00f3n, este martes se registr\u00f3 una larga fila de pacientes en el Hospital Japon\u00e9s, donde solo se entregaron 100 fichas para atenci\u00f3n m\u00e9dica, mientras m\u00e1s de 300 personas no lograron programar su consulta.<\/p>\n<p style=\"text-align: justify;\">Una de las pacientes, que lleg\u00f3 al hospital a las 4:00 de la ma\u00f1ana, relat\u00f3: \u201cEstoy mal de la cadera y vine desde temprano, pero no alcanzamos ficha. Nos dijeron que no hay personal, que lleguemos el jueves. Ya estoy cansada\u201d.<\/p>\n<p style=\"text-align: justify;\">Otros pacientes expresaron su molestia por los constantes paros y la falta de soluci\u00f3n a los problemas estructurales en el sistema de salud.<\/p>\n<p style=\"text-align: justify;\">\u201cDesde las cuatro de la ma\u00f1ana hacemos fila. La salud deber\u00eda ser prioridad, pero nos dejan mendigando atenci\u00f3n\u201d, coment\u00f3 otro de los afectados.<\/p>\n<p style=\"text-align: justify;\">En otro tema relacionado con el sector salud, este martes se registr\u00f3 una marcha protagonizada por trabajadores fabriles, pacientes, asegurados y personal de salud en Santa Cruz, quienes protestaron por la escasez de medicamentos y atenci\u00f3n deficiente en la Caja Nacional de Salud (CNS).<\/p>\n<p style=\"text-align: justify;\">Los manifestantes se movilizaron hasta las oficinas de la CNS exigiendo la destituci\u00f3n del administrador regional. \u201cTenemos un seguro que en vez de curarnos, nos enferma m\u00e1s. El hospital obrero est\u00e1 colapsado y no abastece para m\u00e1s de un mill\u00f3n de asegurados en el departamento\u201d, reclam\u00f3 uno de los representantes del sector fabril.<\/p>\n<p style=\"text-align: justify;\">Durante la movilizaci\u00f3n, se denunci\u00f3 que el presupuesto destinado a especialidades m\u00e9dicas es recortado cada gesti\u00f3n.<\/p>\n","protected":false},"excerpt":{"rendered":"<p>Este mi\u00e9rcoles 9 de julio, los trabajadores del sector salud acatar\u00e1n un paro de 24 horas a nivel nacional, medida que afectar\u00e1 la atenci\u00f3n en los hospitales y centros de salud de los tres niveles en todo el departamento de Santa Cruz, tanto en \u00e1reas urbanas como rurales. La protesta fue confirmada por dirigentes del [&hellip;]<\/p>\n","protected":false},"author":2,"featured_media":78272,"comment_status":"closed","ping_status":"open","sticky":false,"template":"","format":"standard","meta":{"footnotes":""},"categories":[49],"tags":[],"class_list":{"0":"post-78271","1":"post","2":"type-post","3":"status-publish","4":"format-standard","5":"has-post-thumbnail","7":"category-social"},"_links":{"self":[{"href":"https:\/\/jms.com.bo\/mediamonitor\/wp-json\/wp\/v2\/posts\/78271","targetHints":{"allow":["GET"]}}],"collection":[{"href":"https:\/\/jms.com.bo\/mediamonitor\/wp-json\/wp\/v2\/posts"}],"about":[{"href":"https:\/\/jms.com.bo\/mediamonitor\/wp-json\/wp\/v2\/types\/post"}],"author":[{"embeddable":true,"href":"https:\/\/jms.com.bo\/mediamonitor\/wp-json\/wp\/v2\/users\/2"}],"replies":[{"embeddable":true,"href":"https:\/\/jms.com.bo\/mediamonitor\/wp-json\/wp\/v2\/comments?post=78271"}],"version-history":[{"count":0,"href":"https:\/\/jms.com.bo\/mediamonitor\/wp-json\/wp\/v2\/posts\/78271\/revisions"}],"wp:featuredmedia":[{"embeddable":true,"href":"https:\/\/jms.com.bo\/mediamonitor\/wp-json\/wp\/v2\/media\/78272"}],"wp:attachment":[{"href":"https:\/\/jms.com.bo\/mediamonitor\/wp-json\/wp\/v2\/media?parent=78271"}],"wp:term":[{"taxonomy":"category","embeddable":true,"href":"https:\/\/jms.com.bo\/mediamonitor\/wp-json\/wp\/v2\/categories?post=78271"},{"taxonomy":"post_tag","embeddable":true,"href":"https:\/\/jms.com.bo\/mediamonitor\/wp-json\/wp\/v2\/tags?post=78271"}],"curies":[{"name":"wp","href":"https:\/\/api.w.org\/{rel}","templated":true}]}}