{"id":78277,"date":"2025-07-09T07:11:47","date_gmt":"2025-07-09T11:11:47","guid":{"rendered":"https:\/\/jms.com.bo\/mediamonitor\/2025\/07\/09\/san-ignacio-concentra-los-focos-de-calor-y-la-mitad-del-area-quemada\/"},"modified":"2025-07-09T07:11:47","modified_gmt":"2025-07-09T11:11:47","slug":"san-ignacio-concentra-los-focos-de-calor-y-la-mitad-del-area-quemada","status":"publish","type":"post","link":"https:\/\/jms.com.bo\/mediamonitor\/2025\/07\/09\/san-ignacio-concentra-los-focos-de-calor-y-la-mitad-del-area-quemada\/","title":{"rendered":"San Ignacio concentra los focos de calor y la mitad del \u00e1rea quemada"},"content":{"rendered":"<p style=\"text-align: justify;\">En octubre del a\u00f1o pasado, cuando humo no los dejaba respirar y el fuego acechaba a sus comunidades, dejaron sus casas y animales, y recorrieron a pie 160 kil\u00f3metros para exigir acciones contra los incendios y contra los invasores de tierras que usan el fuego para consolidar asentamientos.<\/p>\n<p style=\"text-align: justify;\">Hoy, cuando las quemas ya han comenzado, los ind\u00edgenas de Alto y Bajo Paragu\u00e1 vuelven a mirar con preocupaci\u00f3n c\u00f3mo el fuego empieza a afectar nuevamente el municipio de San Ignacio de Velasco, que alberga su territorio. Seg\u00fan reportes del Gobierno, de los 316 focos de calor registrados este martes en el pa\u00eds, 97 se encontraban en San Ignacio. Pero eso no es todo, el fuego ya est\u00e1 da\u00f1ando sus pulmones verdes. Los datos de la Gobernaci\u00f3n muestran que hasta la fecha se han quemado 1.035 hect\u00e1reas en Santa Cruz y, de estas, 594 corresponden a este municipio.<\/p>\n<p style=\"text-align: justify;\">\u201cYo les puedo asegurar que nuestras comunidades no est\u00e1n quemando ni un solo metro. Como siempre, todo comienza en tierras fiscales o propiedades privadas, y lo que nos llega a nosotros son los \u2018monstruos\u2019 (incendios) que no se pueden detener\u201d, afirma el cacique Lordy Su\u00e1rez Chore, de la comunidad San Sim\u00f3n, en Alto Paragu\u00e1.<\/p>\n<p style=\"text-align: justify;\">El l\u00edder ind\u00edgena exige acciones inmediatas para frenar las quemas ilegales y el accionar de los traficantes de tierras, quienes utilizan el fuego como herramienta para deforestar y consolidar asentamientos.<\/p>\n<p style=\"text-align: justify;\">Se\u00f1al\u00f3 que, tras la marcha del a\u00f1o pasado, si bien se conformaron cuadrillas comunales para la lucha contra el fuego, tambi\u00e9n solicitaron que se les reconozca ese esfuerzo, pero hasta ahora no han recibido respuesta. Adem\u00e1s, ve demoras en las tareas, ya que a\u00fan no se han instalado centros de monitoreo en zonas donde los incendios son recurrentes. \u201cEstamos aqu\u00ed solos. Si hay un foco de calor fuera de nuestro territorio, poco podemos hacer\u201d, lament\u00f3.<\/p>\n<p style=\"text-align: justify;\">El viceministro de Defensa Civil, Juan Carlos Calvimontes, indic\u00f3 que est\u00e1n haciendo un \u201cseguimiento estricto a los municipios de Santa Cruz donde existe la mayor concentraci\u00f3n de los focos de calor\u201d, entre ellos San Ignacio de Velasco, San Jos\u00e9 de Chiquitos, San Rafael, Robor\u00e9 y El Carmen Rivero Torrez.<\/p>\n<p style=\"text-align: justify;\">Adelant\u00f3 que el 15 de julio se iniciar\u00e1n los patrullajes terrestres, a\u00e9reos y pluviales, que incluyen al municipio de San Ignacio de Velasco.<\/p>\n<p style=\"text-align: justify;\">\u201cHabr\u00e1 una movilizaci\u00f3n de las Fuerzas Armadas con sus equipos y campamentos m\u00f3viles. El primero estar\u00e1 en San Mat\u00edas, en Candelaria; el segundo, en Bajo Paragu\u00e1, cercano al Parque Noel Kempff Mercado (San Ignacio); el tercero, entre Urubich\u00e1 y Ascensi\u00f3n de Guarayos; y el cuarto, en la carretera Bioce\u00e1nica\u201d, detall\u00f3.<\/p>\n<p style=\"text-align: justify;\">Insisti\u00f3 en que se quiere evitar el desastre del a\u00f1o pasado que fue catastr\u00f3fico, porque se quemaron m\u00e1s de 12,6 millones de hect\u00e1reas en todo el pa\u00eds.<\/p>\n<p style=\"text-align: justify;\">Otros municipios<\/p>\n<p style=\"text-align: justify;\">Otras zonas ya se preparan para combatir la temporada de incendios. En San Javier se est\u00e1 trabajando en la prevenci\u00f3n y capacitaci\u00f3n de bomberos municipales, voluntarios y comunales, inform\u00f3 el jefe de la Unidad de Medio Ambiente y Gesti\u00f3n de Riesgos, Julio M\u00e9ndez.<\/p>\n<p style=\"text-align: justify;\">Se est\u00e1 preparando a los 44 bomberos municipales, a los bomberos voluntarios y a los comunales. En el POA han incluido Bs 20.000 para atender estas emergencias.<\/p>\n<p style=\"text-align: justify;\">En Concepci\u00f3n, uno de los municipios m\u00e1s afectados el a\u00f1o pasado, hacen monitoreo diario de la situaci\u00f3n en las comunidades para hacer la vigilancia de forma permanente.<\/p>\n<p style=\"text-align: justify;\">El subgobernador de la provincia \u00d1uflo de Ch\u00e1vez, Carlos David Yabeta, inform\u00f3 que se realiza labores de informaci\u00f3n y concienciaci\u00f3n, principalmente en R\u00edo Blanco, San Ferm\u00edn, Santa M\u00f3nica, El Carmen, Integraci\u00f3n, Candelaria, Distrito Cinco y Monte Verde.<\/p>\n<p style=\"text-align: justify;\">La Gobernaci\u00f3n asegura que ha desplegado personal t\u00e9cnico para capacitar a las brigadas comunales.<\/p>\n","protected":false},"excerpt":{"rendered":"<p>En octubre del a\u00f1o pasado, cuando humo no los dejaba respirar y el fuego acechaba a sus comunidades, dejaron sus casas y animales, y recorrieron a pie 160 kil\u00f3metros para exigir acciones contra los incendios y contra los invasores de tierras que usan el fuego para consolidar asentamientos. Hoy, cuando las quemas ya han comenzado, [&hellip;]<\/p>\n","protected":false},"author":2,"featured_media":78278,"comment_status":"closed","ping_status":"open","sticky":false,"template":"","format":"standard","meta":{"footnotes":""},"categories":[20],"tags":[],"class_list":{"0":"post-78277","1":"post","2":"type-post","3":"status-publish","4":"format-standard","5":"has-post-thumbnail","7":"category-actualidad"},"_links":{"self":[{"href":"https:\/\/jms.com.bo\/mediamonitor\/wp-json\/wp\/v2\/posts\/78277","targetHints":{"allow":["GET"]}}],"collection":[{"href":"https:\/\/jms.com.bo\/mediamonitor\/wp-json\/wp\/v2\/posts"}],"about":[{"href":"https:\/\/jms.com.bo\/mediamonitor\/wp-json\/wp\/v2\/types\/post"}],"author":[{"embeddable":true,"href":"https:\/\/jms.com.bo\/mediamonitor\/wp-json\/wp\/v2\/users\/2"}],"replies":[{"embeddable":true,"href":"https:\/\/jms.com.bo\/mediamonitor\/wp-json\/wp\/v2\/comments?post=78277"}],"version-history":[{"count":0,"href":"https:\/\/jms.com.bo\/mediamonitor\/wp-json\/wp\/v2\/posts\/78277\/revisions"}],"wp:featuredmedia":[{"embeddable":true,"href":"https:\/\/jms.com.bo\/mediamonitor\/wp-json\/wp\/v2\/media\/78278"}],"wp:attachment":[{"href":"https:\/\/jms.com.bo\/mediamonitor\/wp-json\/wp\/v2\/media?parent=78277"}],"wp:term":[{"taxonomy":"category","embeddable":true,"href":"https:\/\/jms.com.bo\/mediamonitor\/wp-json\/wp\/v2\/categories?post=78277"},{"taxonomy":"post_tag","embeddable":true,"href":"https:\/\/jms.com.bo\/mediamonitor\/wp-json\/wp\/v2\/tags?post=78277"}],"curies":[{"name":"wp","href":"https:\/\/api.w.org\/{rel}","templated":true}]}}