{"id":78281,"date":"2025-07-09T07:15:53","date_gmt":"2025-07-09T11:15:53","guid":{"rendered":"https:\/\/jms.com.bo\/mediamonitor\/2025\/07\/09\/tras-dictamen-a-su-favor-tramitan-que-anez-sea-procesada-en-calidad-de-expresidenta-en-el-caso-eba\/"},"modified":"2025-07-09T07:15:53","modified_gmt":"2025-07-09T11:15:53","slug":"tras-dictamen-a-su-favor-tramitan-que-anez-sea-procesada-en-calidad-de-expresidenta-en-el-caso-eba","status":"publish","type":"post","link":"https:\/\/jms.com.bo\/mediamonitor\/2025\/07\/09\/tras-dictamen-a-su-favor-tramitan-que-anez-sea-procesada-en-calidad-de-expresidenta-en-el-caso-eba\/","title":{"rendered":"Tras dictamen a su favor, tramitan que A\u00f1ez sea procesada en calidad de expresidenta en el caso EBA"},"content":{"rendered":"<p style=\"text-align: justify;\">El abogado Luis Guill\u00e9n, abogado de Jeanine A\u00f1ez, inform\u00f3 que se ha confirmado en instancias judiciales que su defendida sea procesada en juicio de responsabilidades en el caso EBA, respetando su condici\u00f3n de exmandataria.<\/p>\n<p style=\"text-align: justify;\">En el caso EBA (Empresa Boliviana de Alimentos), A\u00f1ez fue denunciada por supuestamente haber designado una gerente que no cumpl\u00eda los requisitos. El proceso estaba en la v\u00eda ordinaria, pero despu\u00e9s un tribunal de sentencia anul\u00f3 los obrados y determin\u00f3 que le correspond\u00eda el juicio de responsabilidades.<\/p>\n<p style=\"text-align: justify;\">El abogado Guill\u00e9n explic\u00f3 que diferentes entidades presentaron la apelaci\u00f3n, pero una Sala Penal rechaz\u00f3 tratar el fondo del asunto, al considerar que no correspond\u00eda. Por tanto, el dictamen a favor de A\u00f1ez persiste.<\/p>\n<p style=\"text-align: justify;\">Agreg\u00f3 que tampoco corresponde realizar un amparo contra el dictamen, toda vez que ya pas\u00f3 m\u00e1s de seis meses desde que se decidi\u00f3.<\/p>\n<p style=\"text-align: justify;\">En ese marco, inform\u00f3 que se est\u00e1 tramitando trasladar el caso ante la Fiscal\u00eda General del Estado, que es la entidad correspondiente para investigar presuntos delitos cometidos por exmandatarios en el ejercicio del cargo.<\/p>\n<p style=\"text-align: justify;\">De seguir el tr\u00e1mite, la Asamblea tendr\u00eda que aprobar enjuiciar a A\u00f1ez por dos tercios de sus miembros.<\/p>\n<p style=\"text-align: justify;\">La expresidenta a\u00fan sigue procesada en la v\u00eda penal por los casos Senkata y Sacaba, pero su defensa considera que con el antecedente del caso EBA se marca que le corresponde el juicio de responsabilidades.<\/p>\n<p style=\"text-align: justify;\">\u201cLa \u00fanica decisi\u00f3n y el \u00fanico lugar donde se habr\u00eda tratado adecuadamente el derecho de la exmandataria de ser juzgada bajo un juicio de responsabilidades y que se haya ingresado al fondo, es el juicio de EBA, por lo tanto esto ya est\u00e1 poniendo una l\u00ednea y est\u00e1 aclarando que los dem\u00e1s juicios son francamente ilegales\u201d, agreg\u00f3 Guill\u00e9n.<\/p>\n","protected":false},"excerpt":{"rendered":"<p>El abogado Luis Guill\u00e9n, abogado de Jeanine A\u00f1ez, inform\u00f3 que se ha confirmado en instancias judiciales que su defendida sea procesada en juicio de responsabilidades en el caso EBA, respetando su condici\u00f3n de exmandataria. En el caso EBA (Empresa Boliviana de Alimentos), A\u00f1ez fue denunciada por supuestamente haber designado una gerente que no cumpl\u00eda los [&hellip;]<\/p>\n","protected":false},"author":2,"featured_media":78282,"comment_status":"closed","ping_status":"open","sticky":false,"template":"","format":"standard","meta":{"footnotes":""},"categories":[18],"tags":[],"class_list":{"0":"post-78281","1":"post","2":"type-post","3":"status-publish","4":"format-standard","5":"has-post-thumbnail","7":"category-politica"},"_links":{"self":[{"href":"https:\/\/jms.com.bo\/mediamonitor\/wp-json\/wp\/v2\/posts\/78281","targetHints":{"allow":["GET"]}}],"collection":[{"href":"https:\/\/jms.com.bo\/mediamonitor\/wp-json\/wp\/v2\/posts"}],"about":[{"href":"https:\/\/jms.com.bo\/mediamonitor\/wp-json\/wp\/v2\/types\/post"}],"author":[{"embeddable":true,"href":"https:\/\/jms.com.bo\/mediamonitor\/wp-json\/wp\/v2\/users\/2"}],"replies":[{"embeddable":true,"href":"https:\/\/jms.com.bo\/mediamonitor\/wp-json\/wp\/v2\/comments?post=78281"}],"version-history":[{"count":0,"href":"https:\/\/jms.com.bo\/mediamonitor\/wp-json\/wp\/v2\/posts\/78281\/revisions"}],"wp:featuredmedia":[{"embeddable":true,"href":"https:\/\/jms.com.bo\/mediamonitor\/wp-json\/wp\/v2\/media\/78282"}],"wp:attachment":[{"href":"https:\/\/jms.com.bo\/mediamonitor\/wp-json\/wp\/v2\/media?parent=78281"}],"wp:term":[{"taxonomy":"category","embeddable":true,"href":"https:\/\/jms.com.bo\/mediamonitor\/wp-json\/wp\/v2\/categories?post=78281"},{"taxonomy":"post_tag","embeddable":true,"href":"https:\/\/jms.com.bo\/mediamonitor\/wp-json\/wp\/v2\/tags?post=78281"}],"curies":[{"name":"wp","href":"https:\/\/api.w.org\/{rel}","templated":true}]}}