{"id":78283,"date":"2025-07-09T07:17:50","date_gmt":"2025-07-09T11:17:50","guid":{"rendered":"https:\/\/jms.com.bo\/mediamonitor\/2025\/07\/09\/no-hay-el-interes-necesario-de-politicos-para-revisar-el-padron-electoral\/"},"modified":"2025-07-09T07:17:50","modified_gmt":"2025-07-09T11:17:50","slug":"no-hay-el-interes-necesario-de-politicos-para-revisar-el-padron-electoral","status":"publish","type":"post","link":"https:\/\/jms.com.bo\/mediamonitor\/2025\/07\/09\/no-hay-el-interes-necesario-de-politicos-para-revisar-el-padron-electoral\/","title":{"rendered":"No hay \u201cel inter\u00e9s necesario\u201d de pol\u00edticos para revisar el padr\u00f3n electoral"},"content":{"rendered":"<p style=\"text-align: justify;\">Pese al compromiso asumido en el \u00faltimo encuentro multipartidario, ning\u00fan partido pol\u00edtico acredit\u00f3 a un delegado t\u00e9cnico para fiscalizar el padr\u00f3n electoral, seg\u00fan inform\u00f3 este lunes el secretario de C\u00e1mara del Tribunal Supremo Electoral (TSE) Fernando Arteaga.<\/p>\n<p style=\"text-align: justify;\">Seg\u00fan la declaraci\u00f3n del \u201cCuarto Encuentro Multipartidario e Interinstitucional por la Democracia\u201d, realizado el 12 de junio en Santa Cruz, \u201clas organizaciones pol\u00edticas se comprometen a acreditar delegados t\u00e9cnicos ante el Tribunal Supremo Electoral para la revisi\u00f3n del padr\u00f3n electoral y el TREP\u201d. Lo que no ocurre hasta ahora.<\/p>\n<p style=\"text-align: justify;\">Arteaga lament\u00f3 que, pese a los recurrentes cuestionamientos sobre el padr\u00f3n en cada proceso electoral, los partidos no demuestren inter\u00e9s. \u201cSi bien algunos partidos o algunas instancias de la sociedad civil cuestionan el padr\u00f3n electoral, se nota que ninguno de los partidos pol\u00edticos ha prestado el inter\u00e9s necesario o ha cumplido con este acuerdo de Santa Cruz. Ning\u00fan partido ha acreditado a ning\u00fan t\u00e9cnico\u201d, declar\u00f3 el funcionario a El Deber Radio.<\/p>\n<p style=\"text-align: justify;\">Agreg\u00f3 que, de todas formas, el d\u00eda de la elecci\u00f3n, programada para el 17 de agosto, se entregar\u00e1 a los partidos la informaci\u00f3n de los ciudadanos habilitados por mesa \u201cpara que puedan hacer su control y verificaci\u00f3n, como una muestra de transparencia del \u00d3rgano Electoral\u201d.<\/p>\n","protected":false},"excerpt":{"rendered":"<p>Pese al compromiso asumido en el \u00faltimo encuentro multipartidario, ning\u00fan partido pol\u00edtico acredit\u00f3 a un delegado t\u00e9cnico para fiscalizar el padr\u00f3n electoral, seg\u00fan inform\u00f3 este lunes el secretario de C\u00e1mara del Tribunal Supremo Electoral (TSE) Fernando Arteaga. Seg\u00fan la declaraci\u00f3n del \u201cCuarto Encuentro Multipartidario e Interinstitucional por la Democracia\u201d, realizado el 12 de junio en [&hellip;]<\/p>\n","protected":false},"author":2,"featured_media":78284,"comment_status":"closed","ping_status":"open","sticky":false,"template":"","format":"standard","meta":{"footnotes":""},"categories":[18],"tags":[],"class_list":{"0":"post-78283","1":"post","2":"type-post","3":"status-publish","4":"format-standard","5":"has-post-thumbnail","7":"category-politica"},"_links":{"self":[{"href":"https:\/\/jms.com.bo\/mediamonitor\/wp-json\/wp\/v2\/posts\/78283","targetHints":{"allow":["GET"]}}],"collection":[{"href":"https:\/\/jms.com.bo\/mediamonitor\/wp-json\/wp\/v2\/posts"}],"about":[{"href":"https:\/\/jms.com.bo\/mediamonitor\/wp-json\/wp\/v2\/types\/post"}],"author":[{"embeddable":true,"href":"https:\/\/jms.com.bo\/mediamonitor\/wp-json\/wp\/v2\/users\/2"}],"replies":[{"embeddable":true,"href":"https:\/\/jms.com.bo\/mediamonitor\/wp-json\/wp\/v2\/comments?post=78283"}],"version-history":[{"count":0,"href":"https:\/\/jms.com.bo\/mediamonitor\/wp-json\/wp\/v2\/posts\/78283\/revisions"}],"wp:featuredmedia":[{"embeddable":true,"href":"https:\/\/jms.com.bo\/mediamonitor\/wp-json\/wp\/v2\/media\/78284"}],"wp:attachment":[{"href":"https:\/\/jms.com.bo\/mediamonitor\/wp-json\/wp\/v2\/media?parent=78283"}],"wp:term":[{"taxonomy":"category","embeddable":true,"href":"https:\/\/jms.com.bo\/mediamonitor\/wp-json\/wp\/v2\/categories?post=78283"},{"taxonomy":"post_tag","embeddable":true,"href":"https:\/\/jms.com.bo\/mediamonitor\/wp-json\/wp\/v2\/tags?post=78283"}],"curies":[{"name":"wp","href":"https:\/\/api.w.org\/{rel}","templated":true}]}}