{"id":78285,"date":"2025-07-09T07:19:24","date_gmt":"2025-07-09T11:19:24","guid":{"rendered":"https:\/\/jms.com.bo\/mediamonitor\/2025\/07\/09\/tse-ratifica-inhabilitacion-de-dunn-ngp-se-queda-sin-candidato-presidencial\/"},"modified":"2025-07-09T07:19:24","modified_gmt":"2025-07-09T11:19:24","slug":"tse-ratifica-inhabilitacion-de-dunn-ngp-se-queda-sin-candidato-presidencial","status":"publish","type":"post","link":"https:\/\/jms.com.bo\/mediamonitor\/2025\/07\/09\/tse-ratifica-inhabilitacion-de-dunn-ngp-se-queda-sin-candidato-presidencial\/","title":{"rendered":"TSE ratifica inhabilitaci\u00f3n de Dunn, NGP se queda sin candidato presidencial"},"content":{"rendered":"<p style=\"text-align: justify;\">El Tribunal Supremo Electoral (TSE) resolvi\u00f3 este martes ratificar la inhabilitaci\u00f3n de la candidatura presidencial de Jaime Dunn por Nueva Generaci\u00f3n Patri\u00f3tica (NGP), organizaci\u00f3n pol\u00edtica que se queda sin postulante a presidente, inform\u00f3 la tarde de este martes el vocal Gustavo \u00c1vila.<\/p>\n<p style=\"text-align: justify;\">La Sala Plena del ente electoral resolvi\u00f3 as\u00ed rechazar la solicitud de Dunn para que se revierta la inhabilitaci\u00f3n de su candidatura, determinada la semana pasada, pese a la nueva solvencia tributaria que le otorg\u00f3 la Contralor\u00eda.<\/p>\n<p style=\"text-align: justify;\">Como consecuencia de esa inhabilitaci\u00f3n, NGP se queda sin candidato a presidente de Bolivia, puesto que su postulante a ese cargo renunci\u00f3 y su sustituci\u00f3n no se efectu\u00f3 antes del fin del plazo para ese tr\u00e1mite, explic\u00f3 \u00c1vila.<\/p>\n<p style=\"text-align: justify;\">El aspirante a la presidencia Dunn se present\u00f3 el lunes ante el TSE, y el delegado pol\u00edtico del partido pol\u00edtico NGP,Juan Jos\u00e9 Vargas Vargas \u201cpresent\u00f3 un recurso de revisi\u00f3n extraordinario contra la resoluci\u00f3n n\u00famero 107\/2000 25 del 2 de julio que inhabilit\u00f3 a Dunn en primera instancia\u201d.<\/p>\n<p style=\"text-align: justify;\">La ratificaci\u00f3n de esa inhabilitaci\u00f3n se produjo por dos razones, explic\u00f3 el vocal \u00c1vila: \u201cPrimero, el recurso de revisi\u00f3n extraordinaria procede en realidad dentro de un proceso interpuesto a demandas de inhabilitaci\u00f3n, este caso no es el que se ha presentado. Segundo, ha quedado demostrado, en realidad por la documentaci\u00f3n presentada que, una vez que el ciudadano ha sido notificado con la inhabilitaci\u00f3n a su candidatura en fecha 4 de julio, el ciudadano presente una solicitud a la Contralor\u00eda pidi\u00e9ndole dar de baja estos registros, lo que quiere decir que este tr\u00e1mite ha sido utilizado para subsanar un requisito incumplido. El recurso de revisi\u00f3n extraordinaria no puede ser utilizado para intentar subsanar un requisito que no ha cumplido un candidato, por lo tanto, en base a estos argumentos, hemos decidido declarar improcedente este recurso\u201d.<\/p>\n","protected":false},"excerpt":{"rendered":"<p>El Tribunal Supremo Electoral (TSE) resolvi\u00f3 este martes ratificar la inhabilitaci\u00f3n de la candidatura presidencial de Jaime Dunn por Nueva Generaci\u00f3n Patri\u00f3tica (NGP), organizaci\u00f3n pol\u00edtica que se queda sin postulante a presidente, inform\u00f3 la tarde de este martes el vocal Gustavo \u00c1vila. La Sala Plena del ente electoral resolvi\u00f3 as\u00ed rechazar la solicitud de Dunn [&hellip;]<\/p>\n","protected":false},"author":2,"featured_media":78286,"comment_status":"closed","ping_status":"open","sticky":false,"template":"","format":"standard","meta":{"footnotes":""},"categories":[18,48,46],"tags":[],"class_list":{"0":"post-78285","1":"post","2":"type-post","3":"status-publish","4":"format-standard","5":"has-post-thumbnail","7":"category-politica","8":"category-portada-general-sitio","9":"category-portada-politica"},"_links":{"self":[{"href":"https:\/\/jms.com.bo\/mediamonitor\/wp-json\/wp\/v2\/posts\/78285","targetHints":{"allow":["GET"]}}],"collection":[{"href":"https:\/\/jms.com.bo\/mediamonitor\/wp-json\/wp\/v2\/posts"}],"about":[{"href":"https:\/\/jms.com.bo\/mediamonitor\/wp-json\/wp\/v2\/types\/post"}],"author":[{"embeddable":true,"href":"https:\/\/jms.com.bo\/mediamonitor\/wp-json\/wp\/v2\/users\/2"}],"replies":[{"embeddable":true,"href":"https:\/\/jms.com.bo\/mediamonitor\/wp-json\/wp\/v2\/comments?post=78285"}],"version-history":[{"count":0,"href":"https:\/\/jms.com.bo\/mediamonitor\/wp-json\/wp\/v2\/posts\/78285\/revisions"}],"wp:featuredmedia":[{"embeddable":true,"href":"https:\/\/jms.com.bo\/mediamonitor\/wp-json\/wp\/v2\/media\/78286"}],"wp:attachment":[{"href":"https:\/\/jms.com.bo\/mediamonitor\/wp-json\/wp\/v2\/media?parent=78285"}],"wp:term":[{"taxonomy":"category","embeddable":true,"href":"https:\/\/jms.com.bo\/mediamonitor\/wp-json\/wp\/v2\/categories?post=78285"},{"taxonomy":"post_tag","embeddable":true,"href":"https:\/\/jms.com.bo\/mediamonitor\/wp-json\/wp\/v2\/tags?post=78285"}],"curies":[{"name":"wp","href":"https:\/\/api.w.org\/{rel}","templated":true}]}}