{"id":78287,"date":"2025-07-09T07:22:02","date_gmt":"2025-07-09T11:22:02","guid":{"rendered":"https:\/\/jms.com.bo\/mediamonitor\/2025\/07\/09\/presidente-insta-a-consolidar-el-tren-bioceanico-como-una-politica-del-estado\/"},"modified":"2025-07-09T07:22:02","modified_gmt":"2025-07-09T11:22:02","slug":"presidente-insta-a-consolidar-el-tren-bioceanico-como-una-politica-del-estado","status":"publish","type":"post","link":"https:\/\/jms.com.bo\/mediamonitor\/2025\/07\/09\/presidente-insta-a-consolidar-el-tren-bioceanico-como-una-politica-del-estado\/","title":{"rendered":"Presidente insta a consolidar el tren bioce\u00e1nico como una pol\u00edtica del Estado"},"content":{"rendered":"<p style=\"text-align: justify;\">El Tren Bioce\u00e1nico debe consolidarse como una pol\u00edtica de Estado de Bolivia por su impacto nacional y regional, afirm\u00f3 este martes el presidente Luis Arce.<\/p>\n<p style=\"text-align: justify;\">Argument\u00f3 que esta iniciativa, que unir\u00e1 los oc\u00e9anos Atl\u00e1ntico y Pac\u00edfico, llam\u00f3 la atenci\u00f3n de distintos pa\u00edses de la regi\u00f3n, entre ellos Brasil, y el \u201cgigante asi\u00e1tico\u201d China.<\/p>\n<p style=\"text-align: justify;\">\u201cHemos despertado el inter\u00e9s de Brasil sobre nuestro tren bioce\u00e1nico; por lo tanto, este tema hay que empujarlo, tambi\u00e9n tiene que ser un tema de pol\u00edtica de Estado desde nuestro punto de vista, para que podamos lograr y conseguir todos los mejores resultados para nuestro pa\u00eds\u201d, indic\u00f3.<\/p>\n<p style=\"text-align: justify;\">Impulsado por Bolivia, el proyecto fue archivado por el gobierno de facto de Jeanine \u00c1\u00f1ez en 2020; sin embargo, fue retomado por la administraci\u00f3n del presidente Arce en 2021. El Corredor Ferroviario Bioce\u00e1nico de Integraci\u00f3n unir\u00e1 a Brasil, Bolivia y Per\u00fa, y permitir\u00e1 reducir costos y tiempo en el transporte de carga de internacional.<\/p>\n<p style=\"text-align: justify;\">Brasil cuenta con toda la red ferroviaria consolidada, s\u00f3lo le falta un tramo hasta la Hidrov\u00eda Paraguay \u2013 Paran\u00e1 para hacer la interconexi\u00f3n. En el caso de Bolivia, el Plan de Desarrollo Econ\u00f3mico y Social (PDES) 2021-2025 incluy\u00f3 todas las obras que faltan para unir el ramal (f\u00e9rreo) oriental con el occidental.<\/p>\n<p style=\"text-align: justify;\">A diferencia de Brasil y Bolivia, en Per\u00fa se tiene que iniciar todo el trabajo.<\/p>\n<p style=\"text-align: justify;\">\u201cEl que tengamos un tren bioce\u00e1nico que unifique el Atl\u00e1ntico con el Pac\u00edfico va a ser muy \u00fatil, no solamente para nosotros, sino tambi\u00e9n para los pa\u00edses miembros y especialmente para muchos pa\u00edses que est\u00e1n poniendo sus ojos en Am\u00e9rica Latina ahora que, con Brasil, con Bolivia, con Colombia, estamos formando un bloque de pa\u00edses que est\u00e1 dispuesto a irse al bloque emergente, al bloque que hoy est\u00e1 mostrando mayor fortaleza econ\u00f3mica y pol\u00edtica en el mundo\u201d, dijo en alusi\u00f3n a los BRICS.<\/p>\n","protected":false},"excerpt":{"rendered":"<p>El Tren Bioce\u00e1nico debe consolidarse como una pol\u00edtica de Estado de Bolivia por su impacto nacional y regional, afirm\u00f3 este martes el presidente Luis Arce. Argument\u00f3 que esta iniciativa, que unir\u00e1 los oc\u00e9anos Atl\u00e1ntico y Pac\u00edfico, llam\u00f3 la atenci\u00f3n de distintos pa\u00edses de la regi\u00f3n, entre ellos Brasil, y el \u201cgigante asi\u00e1tico\u201d China. \u201cHemos despertado [&hellip;]<\/p>\n","protected":false},"author":2,"featured_media":78288,"comment_status":"closed","ping_status":"open","sticky":false,"template":"","format":"standard","meta":{"footnotes":""},"categories":[25],"tags":[],"class_list":{"0":"post-78287","1":"post","2":"type-post","3":"status-publish","4":"format-standard","5":"has-post-thumbnail","7":"category-economia"},"_links":{"self":[{"href":"https:\/\/jms.com.bo\/mediamonitor\/wp-json\/wp\/v2\/posts\/78287","targetHints":{"allow":["GET"]}}],"collection":[{"href":"https:\/\/jms.com.bo\/mediamonitor\/wp-json\/wp\/v2\/posts"}],"about":[{"href":"https:\/\/jms.com.bo\/mediamonitor\/wp-json\/wp\/v2\/types\/post"}],"author":[{"embeddable":true,"href":"https:\/\/jms.com.bo\/mediamonitor\/wp-json\/wp\/v2\/users\/2"}],"replies":[{"embeddable":true,"href":"https:\/\/jms.com.bo\/mediamonitor\/wp-json\/wp\/v2\/comments?post=78287"}],"version-history":[{"count":0,"href":"https:\/\/jms.com.bo\/mediamonitor\/wp-json\/wp\/v2\/posts\/78287\/revisions"}],"wp:featuredmedia":[{"embeddable":true,"href":"https:\/\/jms.com.bo\/mediamonitor\/wp-json\/wp\/v2\/media\/78288"}],"wp:attachment":[{"href":"https:\/\/jms.com.bo\/mediamonitor\/wp-json\/wp\/v2\/media?parent=78287"}],"wp:term":[{"taxonomy":"category","embeddable":true,"href":"https:\/\/jms.com.bo\/mediamonitor\/wp-json\/wp\/v2\/categories?post=78287"},{"taxonomy":"post_tag","embeddable":true,"href":"https:\/\/jms.com.bo\/mediamonitor\/wp-json\/wp\/v2\/tags?post=78287"}],"curies":[{"name":"wp","href":"https:\/\/api.w.org\/{rel}","templated":true}]}}