{"id":78289,"date":"2025-07-09T07:23:56","date_gmt":"2025-07-09T11:23:56","guid":{"rendered":"https:\/\/jms.com.bo\/mediamonitor\/2025\/07\/09\/hoteleros-esperan-llegar-al-80-de-ocupacion-por-vacaciones-escolares\/"},"modified":"2025-07-09T07:23:56","modified_gmt":"2025-07-09T11:23:56","slug":"hoteleros-esperan-llegar-al-80-de-ocupacion-por-vacaciones-escolares","status":"publish","type":"post","link":"https:\/\/jms.com.bo\/mediamonitor\/2025\/07\/09\/hoteleros-esperan-llegar-al-80-de-ocupacion-por-vacaciones-escolares\/","title":{"rendered":"Hoteleros esperan llegar al 80% de ocupaci\u00f3n por vacaciones escolares"},"content":{"rendered":"<p style=\"text-align: justify;\">Los hoteleros de Cochabamba pusieron a disposici\u00f3n de los turistas varios paquetes y ofertas por el descanso pedag\u00f3gico de invierno, por lo que esperan llegar al 80% de ocupaci\u00f3n de sus ambientes, inform\u00f3 el presidente de la Asociaci\u00f3n de Hoteles de Cochabamba, Carlos Contreras.<\/p>\n<p style=\"text-align: justify;\">\u201cEstamos en un promedio de un 30% de ocupaci\u00f3n, entonces esperamos que con estas vacaciones podamos llegar por lo menos al 80%\u201d, explic\u00f3 en contacto con Bolivia Tv.<\/p>\n<p style=\"text-align: justify;\">Indic\u00f3 que, por el descanso pedag\u00f3gico, los hoteles de Cochabamba activaron varios paquetes tur\u00edsticos, con la finalidad a abrir m\u00e1s opciones para el p\u00fablico que visite el departamento cochabambino.<\/p>\n<p style=\"text-align: justify;\">\u201cTenemos mucha expectativa (\u2026), ojal\u00e1 que la gente venga\u201d, expres\u00f3.<\/p>\n<p style=\"text-align: justify;\">Se\u00f1al\u00f3 que en el Tr\u00f3pico la mayor parte de los hoteles cerraron por seguridad, hay algunos alojamientos abiertos, pero acogen a muy pocos visitantes.<\/p>\n<p style=\"text-align: justify;\">\u201cMuchos no quieren viajar al Tr\u00f3pico a hacer turismo, hay inseguridad, inestabilidad\u201d, lament\u00f3.<\/p>\n<p style=\"text-align: justify;\">Como se recordar\u00e1, el tr\u00f3pico cochabambino es ocupado por cocaleros afines al ex presidente Evo Morales, y desde all\u00ed amenazan con paros, bloqueos y hasta cerrar la regi\u00f3n a las campa\u00f1as pol\u00edticas.<\/p>\n<p style=\"text-align: justify;\">El descanso pedag\u00f3gico comenz\u00f3 ayer y concluir\u00e1 el viernes 18 de julio en ocho departamentos del pa\u00eds, al margen de Santa Cruz, que anticip\u00f3 el receso por los casos de sarampi\u00f3n, entre el lunes 30 de junio y el 11 de julio, seg\u00fan confirm\u00f3 el Ministerio de Educaci\u00f3n. EL DIARIO y ABI<\/p>\n","protected":false},"excerpt":{"rendered":"<p>Los hoteleros de Cochabamba pusieron a disposici\u00f3n de los turistas varios paquetes y ofertas por el descanso pedag\u00f3gico de invierno, por lo que esperan llegar al 80% de ocupaci\u00f3n de sus ambientes, inform\u00f3 el presidente de la Asociaci\u00f3n de Hoteles de Cochabamba, Carlos Contreras. \u201cEstamos en un promedio de un 30% de ocupaci\u00f3n, entonces esperamos [&hellip;]<\/p>\n","protected":false},"author":2,"featured_media":78290,"comment_status":"closed","ping_status":"open","sticky":false,"template":"","format":"standard","meta":{"footnotes":""},"categories":[25],"tags":[],"class_list":{"0":"post-78289","1":"post","2":"type-post","3":"status-publish","4":"format-standard","5":"has-post-thumbnail","7":"category-economia"},"_links":{"self":[{"href":"https:\/\/jms.com.bo\/mediamonitor\/wp-json\/wp\/v2\/posts\/78289","targetHints":{"allow":["GET"]}}],"collection":[{"href":"https:\/\/jms.com.bo\/mediamonitor\/wp-json\/wp\/v2\/posts"}],"about":[{"href":"https:\/\/jms.com.bo\/mediamonitor\/wp-json\/wp\/v2\/types\/post"}],"author":[{"embeddable":true,"href":"https:\/\/jms.com.bo\/mediamonitor\/wp-json\/wp\/v2\/users\/2"}],"replies":[{"embeddable":true,"href":"https:\/\/jms.com.bo\/mediamonitor\/wp-json\/wp\/v2\/comments?post=78289"}],"version-history":[{"count":0,"href":"https:\/\/jms.com.bo\/mediamonitor\/wp-json\/wp\/v2\/posts\/78289\/revisions"}],"wp:featuredmedia":[{"embeddable":true,"href":"https:\/\/jms.com.bo\/mediamonitor\/wp-json\/wp\/v2\/media\/78290"}],"wp:attachment":[{"href":"https:\/\/jms.com.bo\/mediamonitor\/wp-json\/wp\/v2\/media?parent=78289"}],"wp:term":[{"taxonomy":"category","embeddable":true,"href":"https:\/\/jms.com.bo\/mediamonitor\/wp-json\/wp\/v2\/categories?post=78289"},{"taxonomy":"post_tag","embeddable":true,"href":"https:\/\/jms.com.bo\/mediamonitor\/wp-json\/wp\/v2\/tags?post=78289"}],"curies":[{"name":"wp","href":"https:\/\/api.w.org\/{rel}","templated":true}]}}