{"id":78293,"date":"2025-07-09T07:27:09","date_gmt":"2025-07-09T11:27:09","guid":{"rendered":"https:\/\/jms.com.bo\/mediamonitor\/2025\/07\/09\/cedla-reporta-perdida-del-poder-adquisitivo-del-salario-del-896-y-aumento-de-precios-de-hasta-8482\/"},"modified":"2025-07-09T07:27:09","modified_gmt":"2025-07-09T11:27:09","slug":"cedla-reporta-perdida-del-poder-adquisitivo-del-salario-del-896-y-aumento-de-precios-de-hasta-8482","status":"publish","type":"post","link":"https:\/\/jms.com.bo\/mediamonitor\/2025\/07\/09\/cedla-reporta-perdida-del-poder-adquisitivo-del-salario-del-896-y-aumento-de-precios-de-hasta-8482\/","title":{"rendered":"Cedla reporta p\u00e9rdida del poder adquisitivo del salario del 8,96% y aumento de precios de hasta 84,82%"},"content":{"rendered":"<p style=\"text-align: justify;\">Basado en los datos del Instituto Nacional de Estad\u00edstica (INE), el Centro de Estudios para el Desarrollo Laboral y Agrario (CEDLA) estableci\u00f3 que el poder adquisitivo del salario cay\u00f3 en 8,96% hasta diciembre de 2024, pese a que el salario nominal subi\u00f3 en 5% en el m\u00e1s reciente incremento decretado en mayo.<\/p>\n<p style=\"text-align: justify;\">\u201cAl analizar la evoluci\u00f3n del \u00cdndice de Precios al Consumidor (IPC) a diciembre de 2024 y los datos del salario medio nominal del sector privado, se observa que la capacidad de compra del salario cay\u00f3 un 8,96%. Es decir, aunque el salario nominal puede haberse mantenido o incluso aumentado, no alcanza para comprar lo mismo que el a\u00f1o anterior debido al aumento generalizado de precios (inflaci\u00f3n)\u201d, se\u00f1ala el an\u00e1lisis elaborado por el economista Juan Luis Espada.<\/p>\n<p style=\"text-align: justify;\">Incremento de productos<\/p>\n<p style=\"text-align: justify;\">La entidad, adem\u00e1s, hizo un recuento de todos los productos que subieron m\u00e1s del 30% y lleg\u00f3 a la conclusi\u00f3n de que hay algunos cuyos precios aumentaron en m\u00e1s de 80%.<\/p>\n<p style=\"text-align: justify;\">Siempre con datos del INE, el reporte indica que varios productos de primera necesidad superaron el 30% de incremento, siendo el ajo el producto m\u00e1s inflacionario con 84,82% de incremento.<\/p>\n<p style=\"text-align: justify;\">\u201cLuego, se encuentran otros nueve productos con una variaci\u00f3n entre el 50% y el 70%; entre estos est\u00e1n el arroz, la lenteja y el caf\u00e9. De igual manera, se identifican productos de higiene personal, como la pasta dental, la crema para la piel y el rostro, enjuague bucal y pa\u00f1ales, que se encarecieron a una tasa del 53%, 44%, 41% y 35%, respectivamente\u201d, se\u00f1ala.<\/p>\n<p style=\"text-align: justify;\">Carne<\/p>\n<p style=\"text-align: justify;\">A fines del 2024, el precio promedio de la carne de res ha registrado un incremento acumulado de entre el 24% y el 29%, mientras que la carne de pollo alcanz\u00f3 el 35%.<\/p>\n<p style=\"text-align: justify;\">Datos recientes muestran que, hasta mayo de 2025, la carne de res mantiene una variaci\u00f3n de sus precios por encima del 20%. En el caso del pollo, sus precios han registrado un incremento a un ritmo menor que los de la carne de res; sin embargo, su precio actual est\u00e1 por encima del registrado hasta fines del 2024, se\u00f1ala el an\u00e1lisis.<\/p>\n<p style=\"text-align: justify;\">Datos de la inflaci\u00f3n<\/p>\n<p style=\"text-align: justify;\">La semana pasada, el director del Instituto Nacional de Estad\u00edstica (INE), Humberto Arandia, inform\u00f3 que el \u00edndice de Precios al Consumidor (IPC) de junio lleg\u00f3 a 5,21%, con lo que el acumulado de lo que va del a\u00f1o alcanz\u00f3 el 15,53%.<\/p>\n<p style=\"text-align: justify;\">Dijo que la inflaci\u00f3n se explica si se toma en cuenta que junio fue un \u201cmes bastante complejo\u201d, por los bloqueos de sectores evistas que protestaban por la crisis econ\u00f3mica y demandaban la inscripci\u00f3n del expresidente Evo Morales como candidato presidencial.<\/p>\n<p style=\"text-align: justify;\">Explic\u00f3 que los productos que registraron un mayor incremento de precios son las carnes de res y de pollo, lo que aument\u00f3 el costo del almuerzo y la cena.<\/p>\n","protected":false},"excerpt":{"rendered":"<p>Basado en los datos del Instituto Nacional de Estad\u00edstica (INE), el Centro de Estudios para el Desarrollo Laboral y Agrario (CEDLA) estableci\u00f3 que el poder adquisitivo del salario cay\u00f3 en 8,96% hasta diciembre de 2024, pese a que el salario nominal subi\u00f3 en 5% en el m\u00e1s reciente incremento decretado en mayo. \u201cAl analizar la [&hellip;]<\/p>\n","protected":false},"author":2,"featured_media":78294,"comment_status":"closed","ping_status":"open","sticky":false,"template":"","format":"standard","meta":{"footnotes":""},"categories":[25,45,48],"tags":[],"class_list":{"0":"post-78293","1":"post","2":"type-post","3":"status-publish","4":"format-standard","5":"has-post-thumbnail","7":"category-economia","8":"category-portada-economia","9":"category-portada-general-sitio"},"_links":{"self":[{"href":"https:\/\/jms.com.bo\/mediamonitor\/wp-json\/wp\/v2\/posts\/78293","targetHints":{"allow":["GET"]}}],"collection":[{"href":"https:\/\/jms.com.bo\/mediamonitor\/wp-json\/wp\/v2\/posts"}],"about":[{"href":"https:\/\/jms.com.bo\/mediamonitor\/wp-json\/wp\/v2\/types\/post"}],"author":[{"embeddable":true,"href":"https:\/\/jms.com.bo\/mediamonitor\/wp-json\/wp\/v2\/users\/2"}],"replies":[{"embeddable":true,"href":"https:\/\/jms.com.bo\/mediamonitor\/wp-json\/wp\/v2\/comments?post=78293"}],"version-history":[{"count":0,"href":"https:\/\/jms.com.bo\/mediamonitor\/wp-json\/wp\/v2\/posts\/78293\/revisions"}],"wp:featuredmedia":[{"embeddable":true,"href":"https:\/\/jms.com.bo\/mediamonitor\/wp-json\/wp\/v2\/media\/78294"}],"wp:attachment":[{"href":"https:\/\/jms.com.bo\/mediamonitor\/wp-json\/wp\/v2\/media?parent=78293"}],"wp:term":[{"taxonomy":"category","embeddable":true,"href":"https:\/\/jms.com.bo\/mediamonitor\/wp-json\/wp\/v2\/categories?post=78293"},{"taxonomy":"post_tag","embeddable":true,"href":"https:\/\/jms.com.bo\/mediamonitor\/wp-json\/wp\/v2\/tags?post=78293"}],"curies":[{"name":"wp","href":"https:\/\/api.w.org\/{rel}","templated":true}]}}