{"id":78307,"date":"2025-07-10T06:26:33","date_gmt":"2025-07-10T10:26:33","guid":{"rendered":"https:\/\/jms.com.bo\/mediamonitor\/2025\/07\/10\/bolivia-reporta-92-casos-de-sarampion\/"},"modified":"2025-07-10T06:26:33","modified_gmt":"2025-07-10T10:26:33","slug":"bolivia-reporta-92-casos-de-sarampion","status":"publish","type":"post","link":"https:\/\/jms.com.bo\/mediamonitor\/2025\/07\/10\/bolivia-reporta-92-casos-de-sarampion\/","title":{"rendered":"Bolivia reporta 92 casos de sarampi\u00f3n"},"content":{"rendered":"<p style=\"text-align: justify;\">El viceministro de Promoci\u00f3n, Vigilancia Epidemiol\u00f3gica y Medicina Tradicional, Max Enr\u00edquez, indic\u00f3 que los servicios departamentales de salud (Sedes) reportaron 92 casos de sarampi\u00f3n en todo el pa\u00eds.<br \/>\n\u201cDe esto, 81 est\u00e1n en Santa Cruz, cinco en La Paz; tenemos uno en Oruro, otro en el Beni, tenemos en Chuquisaca un primer caso y en Potos\u00ed tenemos tres casos, lo cual hacen 92\u201d, detall\u00f3.<br \/>\nPrecis\u00f3 que el municipio que se suma a los 22 \u201ces Santa Rosa de Santa Cruz, con cinco casos reportados el lunes\u201d.<br \/>\n\u201cTenemos una poblaci\u00f3n entre los cinco y los 17 a\u00f1os de edad, con una mayor cantidad de casos presentados, es el sexo masculino el que tiene mayor n\u00famero, 56 de 92\u201d, explic\u00f3.<br \/>\nAsimismo, afirm\u00f3 que \u201csiguen sumando los casos en una poblaci\u00f3n menonita, en la cual hemos encontrado el inicio de este brote epid\u00e9mico, con ya m\u00e1s de 35 casos dentro de estas comunidades\u201d.<br \/>\nEnr\u00edquez se\u00f1al\u00f3 que \u201ctodav\u00eda no hemos alcanzado ese pico m\u00e1ximo\u201d.<br \/>\nEN COCHABAMBA<br \/>\nEl jefe de Epidemiolog\u00eda del Servicio Departamental de Salud, Rub\u00e9n Castillo, inform\u00f3 ayer que en Cochabamba no se registr\u00f3 ning\u00fan caso conformado de sarampi\u00f3n y se descartaron, mediante pruebas de laboratorio 67 casos sospechosos. Se mantiene la alerta sanitaria.<br \/>\n\u201cTodav\u00eda estamos en cero casos de sarampi\u00f3n, seguimos en esta alerta sanitaria, intensificando las campa\u00f1as de vacunaci\u00f3n y actividades preventivas\u201d, puntualiz\u00f3.<br \/>\nTambi\u00e9n pidi\u00f3 a los padres de familia hacer vacunar a sus hijos contra el sarampi\u00f3n y record\u00f3 que la vacuna se aplica al a\u00f1o de vida y la segunda dosis al a\u00f1o y seis meses, pero por la alerta epidemiol\u00f3gica nacional los menores pueden acceder a la vacuna antes de cumplir los periodos establecidos.<br \/>\nPor otra parte, Castillo asever\u00f3 que se coordin\u00f3 con la Direcci\u00f3n Departamental de Educaci\u00f3n (DDE) que, al retorno de la vacaci\u00f3n de invierno, se pedir\u00e1 el carnet de vacunaci\u00f3n, en las unidades educativas, como medida para que los ni\u00f1os asistan a los centros de salud a recibir la vacuna que es totalmente gratuita. (Santa Cruz\/Cochabamba, agencias)<\/p>\n","protected":false},"excerpt":{"rendered":"<p>El viceministro de Promoci\u00f3n, Vigilancia Epidemiol\u00f3gica y Medicina Tradicional, Max Enr\u00edquez, indic\u00f3 que los servicios departamentales de salud (Sedes) reportaron 92 casos de sarampi\u00f3n en todo el pa\u00eds. \u201cDe esto, 81 est\u00e1n en Santa Cruz, cinco en La Paz; tenemos uno en Oruro, otro en el Beni, tenemos en Chuquisaca un primer caso y en [&hellip;]<\/p>\n","protected":false},"author":2,"featured_media":78308,"comment_status":"closed","ping_status":"open","sticky":false,"template":"","format":"standard","meta":{"footnotes":""},"categories":[53],"tags":[],"class_list":{"0":"post-78307","1":"post","2":"type-post","3":"status-publish","4":"format-standard","5":"has-post-thumbnail","7":"category-salud"},"_links":{"self":[{"href":"https:\/\/jms.com.bo\/mediamonitor\/wp-json\/wp\/v2\/posts\/78307","targetHints":{"allow":["GET"]}}],"collection":[{"href":"https:\/\/jms.com.bo\/mediamonitor\/wp-json\/wp\/v2\/posts"}],"about":[{"href":"https:\/\/jms.com.bo\/mediamonitor\/wp-json\/wp\/v2\/types\/post"}],"author":[{"embeddable":true,"href":"https:\/\/jms.com.bo\/mediamonitor\/wp-json\/wp\/v2\/users\/2"}],"replies":[{"embeddable":true,"href":"https:\/\/jms.com.bo\/mediamonitor\/wp-json\/wp\/v2\/comments?post=78307"}],"version-history":[{"count":0,"href":"https:\/\/jms.com.bo\/mediamonitor\/wp-json\/wp\/v2\/posts\/78307\/revisions"}],"wp:featuredmedia":[{"embeddable":true,"href":"https:\/\/jms.com.bo\/mediamonitor\/wp-json\/wp\/v2\/media\/78308"}],"wp:attachment":[{"href":"https:\/\/jms.com.bo\/mediamonitor\/wp-json\/wp\/v2\/media?parent=78307"}],"wp:term":[{"taxonomy":"category","embeddable":true,"href":"https:\/\/jms.com.bo\/mediamonitor\/wp-json\/wp\/v2\/categories?post=78307"},{"taxonomy":"post_tag","embeddable":true,"href":"https:\/\/jms.com.bo\/mediamonitor\/wp-json\/wp\/v2\/tags?post=78307"}],"curies":[{"name":"wp","href":"https:\/\/api.w.org\/{rel}","templated":true}]}}