{"id":78309,"date":"2025-07-10T06:28:24","date_gmt":"2025-07-10T10:28:24","guid":{"rendered":"https:\/\/jms.com.bo\/mediamonitor\/2025\/07\/10\/fin-del-pan-de-batalla-panificadores-amenazan-con-subir-el-precio-o-dejar-de-producirlo-ante-falta-de-harina-subvencionada\/"},"modified":"2025-07-10T06:28:24","modified_gmt":"2025-07-10T10:28:24","slug":"fin-del-pan-de-batalla-panificadores-amenazan-con-subir-el-precio-o-dejar-de-producirlo-ante-falta-de-harina-subvencionada","status":"publish","type":"post","link":"https:\/\/jms.com.bo\/mediamonitor\/2025\/07\/10\/fin-del-pan-de-batalla-panificadores-amenazan-con-subir-el-precio-o-dejar-de-producirlo-ante-falta-de-harina-subvencionada\/","title":{"rendered":"\u00bfFin del pan de batalla? Panificadores amenazan con subir el precio o dejar de producirlo ante falta de harina subvencionada"},"content":{"rendered":"<p style=\"text-align: justify;\">El ejecutivo de la confederaci\u00f3n nacional de panificadores, Rub\u00e9n R\u00edos, advirti\u00f3 que el pan de batalla desaparecer\u00e1 debido a que el Gobierno no est\u00e1 cumpliendo con sus compromisos de entrega de harina subvencionada.<\/p>\n<p style=\"text-align: justify;\">Seg\u00fan explic\u00f3, el Gobierno no ha entregado la mitad de la harina requerida por los pacificadores el mes de junio, mientras que de julio tampoco se entreg\u00f3 el insumo. \u201cYa nos deber\u00eda de mes y medio al sector panificador la harina\u201d, mencion\u00f3.<\/p>\n<p style=\"text-align: justify;\">Dijo que, en esta situaci\u00f3n, el sector panificador optar\u00e1 por \u201cdirectamente hacer desaparecer\u201d el pan de batalla, porque requiere m\u00e1s harina.<\/p>\n<p style=\"text-align: justify;\">\u201cNosotros vamos a dejar de elaborar la batalla y vamos a trabajar con harina del mercado negro, que es otro precio\u201d, indic\u00f3.<\/p>\n<p style=\"text-align: justify;\">Seg\u00fan el dirigente, elaborar el pan de batalla con insumos a precio de mercado implicar\u00eda subir el costo para el consumidor incluso en m\u00e1s de Bs1.<\/p>\n<p style=\"text-align: justify;\">\u201cMantener a 70 centavos el pan de batalla es imposible, esto tendr\u00eda que llegar a un boliviano o por encima de un boliviano, porque en el mercado paralelo no est\u00e1 establecido un precio fijo\u201d, explic\u00f3.<\/p>\n<p style=\"text-align: justify;\">Anunci\u00f3 que para el lunes est\u00e1 convocando a aun ampliado nacional, para ver la posibilidad de \u201cs\u00ed o s\u00ed elevar el precio del pan\u201d.<\/p>\n","protected":false},"excerpt":{"rendered":"<p>El ejecutivo de la confederaci\u00f3n nacional de panificadores, Rub\u00e9n R\u00edos, advirti\u00f3 que el pan de batalla desaparecer\u00e1 debido a que el Gobierno no est\u00e1 cumpliendo con sus compromisos de entrega de harina subvencionada. Seg\u00fan explic\u00f3, el Gobierno no ha entregado la mitad de la harina requerida por los pacificadores el mes de junio, mientras que [&hellip;]<\/p>\n","protected":false},"author":2,"featured_media":78310,"comment_status":"closed","ping_status":"open","sticky":false,"template":"","format":"standard","meta":{"footnotes":""},"categories":[57],"tags":[],"class_list":{"0":"post-78309","1":"post","2":"type-post","3":"status-publish","4":"format-standard","5":"has-post-thumbnail","7":"category-alimentos-y-agroindustria"},"_links":{"self":[{"href":"https:\/\/jms.com.bo\/mediamonitor\/wp-json\/wp\/v2\/posts\/78309","targetHints":{"allow":["GET"]}}],"collection":[{"href":"https:\/\/jms.com.bo\/mediamonitor\/wp-json\/wp\/v2\/posts"}],"about":[{"href":"https:\/\/jms.com.bo\/mediamonitor\/wp-json\/wp\/v2\/types\/post"}],"author":[{"embeddable":true,"href":"https:\/\/jms.com.bo\/mediamonitor\/wp-json\/wp\/v2\/users\/2"}],"replies":[{"embeddable":true,"href":"https:\/\/jms.com.bo\/mediamonitor\/wp-json\/wp\/v2\/comments?post=78309"}],"version-history":[{"count":0,"href":"https:\/\/jms.com.bo\/mediamonitor\/wp-json\/wp\/v2\/posts\/78309\/revisions"}],"wp:featuredmedia":[{"embeddable":true,"href":"https:\/\/jms.com.bo\/mediamonitor\/wp-json\/wp\/v2\/media\/78310"}],"wp:attachment":[{"href":"https:\/\/jms.com.bo\/mediamonitor\/wp-json\/wp\/v2\/media?parent=78309"}],"wp:term":[{"taxonomy":"category","embeddable":true,"href":"https:\/\/jms.com.bo\/mediamonitor\/wp-json\/wp\/v2\/categories?post=78309"},{"taxonomy":"post_tag","embeddable":true,"href":"https:\/\/jms.com.bo\/mediamonitor\/wp-json\/wp\/v2\/tags?post=78309"}],"curies":[{"name":"wp","href":"https:\/\/api.w.org\/{rel}","templated":true}]}}