{"id":78311,"date":"2025-07-10T06:29:48","date_gmt":"2025-07-10T10:29:48","guid":{"rendered":"https:\/\/jms.com.bo\/mediamonitor\/2025\/07\/10\/emergencia-en-beni-productores-de-arroz-enfrentan-una-dura-batalla-por-la-falta-de-diesel\/"},"modified":"2025-07-10T06:29:48","modified_gmt":"2025-07-10T10:29:48","slug":"emergencia-en-beni-productores-de-arroz-enfrentan-una-dura-batalla-por-la-falta-de-diesel","status":"publish","type":"post","link":"https:\/\/jms.com.bo\/mediamonitor\/2025\/07\/10\/emergencia-en-beni-productores-de-arroz-enfrentan-una-dura-batalla-por-la-falta-de-diesel\/","title":{"rendered":"Emergencia en Beni: Productores de arroz enfrentan una dura batalla por la falta de di\u00e9sel"},"content":{"rendered":"<p style=\"text-align: justify;\">Los productores de arroz del departamento de Beni se encuentran en una situaci\u00f3n cr\u00edtica debido a la falta de di\u00e9sel, lo que pone en riesgo la siembra de m\u00e1s de 100.000 hect\u00e1reas de arroz para la pr\u00f3xima campa\u00f1a.<\/p>\n<p style=\"text-align: justify;\">Seg\u00fan David P\u00e9rez, presidente de los arroceros de Beni, la falta de combustible es un golpe devastador para la producci\u00f3n de arroz en la regi\u00f3n.<\/p>\n<p style=\"text-align: justify;\">\u201cEstamos en emergencia, no se puede trabajar, no vamos a poder sembrar la pr\u00f3xima campa\u00f1a si no hay di\u00e9sel\u201d, afirm\u00f3 P\u00e9rez.<\/p>\n<p style=\"text-align: justify;\">Los productores requieren m\u00e1s de 7 millones de litros de carburante para garantizar la producci\u00f3n de arroz del pr\u00f3ximo a\u00f1o, pero la falta de suministro los obliga a buscar alternativas costosas.<\/p>\n<p style=\"text-align: justify;\">\u201cEstamos accediendo al di\u00e9sel paralelo a 12 bolivianos, pero no nos est\u00e1 garantizando la pr\u00f3xima siembra\u201d, agreg\u00f3 P\u00e9rez.<\/p>\n<p style=\"text-align: justify;\">La situaci\u00f3n es alarmante, ya que la falta de di\u00e9sel no solo afectar\u00e1 la producci\u00f3n de arroz, sino tambi\u00e9n la econom\u00eda de los productores y la seguridad alimentaria de la regi\u00f3n.<\/p>\n<p style=\"text-align: justify;\">Los productores de arroz del Beni urgen a las autoridades tomar medidas para garantizar el suministro del combustible y evitar una crisis en la producci\u00f3n de este grano en la regi\u00f3n. En caso contrario, la pr\u00f3xima campa\u00f1a de siembra estar\u00e1 en riesgo y la producci\u00f3n se ver\u00e1 gravemente afectada.<\/p>\n","protected":false},"excerpt":{"rendered":"<p>Los productores de arroz del departamento de Beni se encuentran en una situaci\u00f3n cr\u00edtica debido a la falta de di\u00e9sel, lo que pone en riesgo la siembra de m\u00e1s de 100.000 hect\u00e1reas de arroz para la pr\u00f3xima campa\u00f1a. Seg\u00fan David P\u00e9rez, presidente de los arroceros de Beni, la falta de combustible es un golpe devastador [&hellip;]<\/p>\n","protected":false},"author":2,"featured_media":78312,"comment_status":"closed","ping_status":"open","sticky":false,"template":"","format":"standard","meta":{"footnotes":""},"categories":[57],"tags":[],"class_list":{"0":"post-78311","1":"post","2":"type-post","3":"status-publish","4":"format-standard","5":"has-post-thumbnail","7":"category-alimentos-y-agroindustria"},"_links":{"self":[{"href":"https:\/\/jms.com.bo\/mediamonitor\/wp-json\/wp\/v2\/posts\/78311","targetHints":{"allow":["GET"]}}],"collection":[{"href":"https:\/\/jms.com.bo\/mediamonitor\/wp-json\/wp\/v2\/posts"}],"about":[{"href":"https:\/\/jms.com.bo\/mediamonitor\/wp-json\/wp\/v2\/types\/post"}],"author":[{"embeddable":true,"href":"https:\/\/jms.com.bo\/mediamonitor\/wp-json\/wp\/v2\/users\/2"}],"replies":[{"embeddable":true,"href":"https:\/\/jms.com.bo\/mediamonitor\/wp-json\/wp\/v2\/comments?post=78311"}],"version-history":[{"count":0,"href":"https:\/\/jms.com.bo\/mediamonitor\/wp-json\/wp\/v2\/posts\/78311\/revisions"}],"wp:featuredmedia":[{"embeddable":true,"href":"https:\/\/jms.com.bo\/mediamonitor\/wp-json\/wp\/v2\/media\/78312"}],"wp:attachment":[{"href":"https:\/\/jms.com.bo\/mediamonitor\/wp-json\/wp\/v2\/media?parent=78311"}],"wp:term":[{"taxonomy":"category","embeddable":true,"href":"https:\/\/jms.com.bo\/mediamonitor\/wp-json\/wp\/v2\/categories?post=78311"},{"taxonomy":"post_tag","embeddable":true,"href":"https:\/\/jms.com.bo\/mediamonitor\/wp-json\/wp\/v2\/tags?post=78311"}],"curies":[{"name":"wp","href":"https:\/\/api.w.org\/{rel}","templated":true}]}}