{"id":78317,"date":"2025-07-10T06:35:47","date_gmt":"2025-07-10T10:35:47","guid":{"rendered":"https:\/\/jms.com.bo\/mediamonitor\/2025\/07\/10\/paro-de-salud-trabajadores-exigen-pago-de-salarios-y-viaticos-en-protesta-de-24-horas\/"},"modified":"2025-07-10T06:35:47","modified_gmt":"2025-07-10T10:35:47","slug":"paro-de-salud-trabajadores-exigen-pago-de-salarios-y-viaticos-en-protesta-de-24-horas","status":"publish","type":"post","link":"https:\/\/jms.com.bo\/mediamonitor\/2025\/07\/10\/paro-de-salud-trabajadores-exigen-pago-de-salarios-y-viaticos-en-protesta-de-24-horas\/","title":{"rendered":"Paro de salud: Trabajadores exigen pago de salarios y vi\u00e1ticos en protesta de 24 horas"},"content":{"rendered":"<p style=\"text-align: justify;\">Este mi\u00e9rcoles 9 de julio, los trabajadores del sector salud en Santa Cruz realizan un paro de actividades que deja sin atenci\u00f3n a los hospitales durante 24 horas.<\/p>\n<p style=\"text-align: justify;\">La medida de fuerza se debe al incumplimiento en el pago de salarios correspondientes al mes de junio y la falta de cancelaci\u00f3n del vi\u00e1tico por vacunaci\u00f3n, seg\u00fan Robert Hurtado, dirigente del sector.<\/p>\n<p style=\"text-align: justify;\">Los pacientes y usuarios de los servicios de salud expresaron su descontento y preocupaci\u00f3n por la situaci\u00f3n que genera una protesta como la que se lleva adelante.<\/p>\n<p style=\"text-align: justify;\">\u201cEn Bolivia es una l\u00e1stima el tema de salud. Hacen paro cuando les da la gana\u201d, dijo un paciente. Otra persona agreg\u00f3: \u201cEstamos perjudicados, no s\u00e9 por qu\u00e9 hay paro\u201d.<\/p>\n<p style=\"text-align: justify;\">Los trabajadores del sector salud argumentan que sus demandas son justas y necesarias para garantizar y poder brindar una atenci\u00f3n adecuada a los pacientes. Sin embargo, la medida de fuerza afectar\u00e1 a miles de personas que requieren atenci\u00f3n m\u00e9dica en los hospitales.<\/p>\n<p style=\"text-align: justify;\">La situaci\u00f3n genera preocupaci\u00f3n y malestar en la poblaci\u00f3n, que espera que se resuelva el conflicto lo antes posible para garantizar el acceso a la salud.<\/p>\n","protected":false},"excerpt":{"rendered":"<p>Este mi\u00e9rcoles 9 de julio, los trabajadores del sector salud en Santa Cruz realizan un paro de actividades que deja sin atenci\u00f3n a los hospitales durante 24 horas. La medida de fuerza se debe al incumplimiento en el pago de salarios correspondientes al mes de junio y la falta de cancelaci\u00f3n del vi\u00e1tico por vacunaci\u00f3n, [&hellip;]<\/p>\n","protected":false},"author":2,"featured_media":78318,"comment_status":"closed","ping_status":"open","sticky":false,"template":"","format":"standard","meta":{"footnotes":""},"categories":[49],"tags":[],"class_list":{"0":"post-78317","1":"post","2":"type-post","3":"status-publish","4":"format-standard","5":"has-post-thumbnail","7":"category-social"},"_links":{"self":[{"href":"https:\/\/jms.com.bo\/mediamonitor\/wp-json\/wp\/v2\/posts\/78317","targetHints":{"allow":["GET"]}}],"collection":[{"href":"https:\/\/jms.com.bo\/mediamonitor\/wp-json\/wp\/v2\/posts"}],"about":[{"href":"https:\/\/jms.com.bo\/mediamonitor\/wp-json\/wp\/v2\/types\/post"}],"author":[{"embeddable":true,"href":"https:\/\/jms.com.bo\/mediamonitor\/wp-json\/wp\/v2\/users\/2"}],"replies":[{"embeddable":true,"href":"https:\/\/jms.com.bo\/mediamonitor\/wp-json\/wp\/v2\/comments?post=78317"}],"version-history":[{"count":0,"href":"https:\/\/jms.com.bo\/mediamonitor\/wp-json\/wp\/v2\/posts\/78317\/revisions"}],"wp:featuredmedia":[{"embeddable":true,"href":"https:\/\/jms.com.bo\/mediamonitor\/wp-json\/wp\/v2\/media\/78318"}],"wp:attachment":[{"href":"https:\/\/jms.com.bo\/mediamonitor\/wp-json\/wp\/v2\/media?parent=78317"}],"wp:term":[{"taxonomy":"category","embeddable":true,"href":"https:\/\/jms.com.bo\/mediamonitor\/wp-json\/wp\/v2\/categories?post=78317"},{"taxonomy":"post_tag","embeddable":true,"href":"https:\/\/jms.com.bo\/mediamonitor\/wp-json\/wp\/v2\/tags?post=78317"}],"curies":[{"name":"wp","href":"https:\/\/api.w.org\/{rel}","templated":true}]}}