{"id":78319,"date":"2025-07-10T06:38:02","date_gmt":"2025-07-10T10:38:02","guid":{"rendered":"https:\/\/jms.com.bo\/mediamonitor\/2025\/07\/10\/colegio-medico-advierte-de-un-retorno-a-clases-catastrofico\/"},"modified":"2025-07-10T06:38:02","modified_gmt":"2025-07-10T10:38:02","slug":"colegio-medico-advierte-de-un-retorno-a-clases-catastrofico","status":"publish","type":"post","link":"https:\/\/jms.com.bo\/mediamonitor\/2025\/07\/10\/colegio-medico-advierte-de-un-retorno-a-clases-catastrofico\/","title":{"rendered":"Colegio M\u00e9dico advierte de un retorno a clases \u2018catastr\u00f3fico\u2019"},"content":{"rendered":"<p style=\"text-align: justify;\">El Colegio M\u00e9dico de Santa Cruz advirti\u00f3 que ante la escalada de casos por sarampi\u00f3n en el departamento cruce\u00f1o se avecina un retorno a clases catastr\u00f3fico si no se toman otras medidas urgentes para paliar la propagaci\u00f3n.<\/p>\n<p style=\"text-align: justify;\">Como Santa Cruz ingres\u00f3 antes al receso pedag\u00f3gico debido al incremento de casos, los estudiantes debieran regresar a las clases el lunes venidero.<\/p>\n<p style=\"text-align: justify;\">A priori, las autoridades requerir\u00e1n los certificados de vacunaci\u00f3n para que los escolares ingresen a las aulas desde el primer d\u00eda. Sin embargo, el bajo \u00edndice de ni\u00f1os de grupos prioritarios vacunados hace pensar lo peor.<\/p>\n<p style=\"text-align: justify;\">\u201cNo hemos superado ni el 10% de los ni\u00f1os vacunados de la poblaci\u00f3n de menores de 10 a\u00f1os, eso significa que el retorno a clases va a ser una cat\u00e1strofe porque los ni\u00f1os se van a contagiar de una u otra manera. Sabemos que la tasa de contagio es muy elevada todav\u00eda\u201d, advirti\u00f3 Alfredo Anzo\u00e1tegui, presidente del Colegio M\u00e9dico cruce\u00f1o.<\/p>\n<p style=\"text-align: justify;\">Retorno a clases<br \/>\nSurgen alternativas como extender la vacaci\u00f3n o clases a distancia.<\/p>\n<p style=\"text-align: justify;\">\u201cEs una buena alternativa retornar de manera virtual, pero no en todos los niveles, hay que pensar en todos. En el nivel inicial, k\u00ednder, pre-k\u00ednder, lamentablemente los chiquitines, los m\u00e1s peque\u00f1itos no atienden o no aprenden muy bien porque no les causa mucha atenci\u00f3n el estar ah\u00ed sentados frente al tel\u00e9fono escuchando a la profesora\u201d, enfatiz\u00f3 Jaime Caraballo, representante de padres de familia.<\/p>\n<p style=\"text-align: justify;\">El Servicio Departamental de Salud (Sedes) de Santa Cruz confirm\u00f3 este mi\u00e9rcoles que el departamento ya registra 89 casos positivos y cerca de una decena de casos sospechosos bajo an\u00e1lisis.<\/p>\n<p style=\"text-align: justify;\">\u201cSon 89 casos positivos por sarampi\u00f3n en el departamento de Santa Cruz, tambi\u00e9n ocho casos sospechosos\u201d, resalt\u00f3 el jefe de la unidad de Epidemiolog\u00eda del Sedes, Dorian Jim\u00e9nez.<\/p>\n<p style=\"text-align: justify;\">Dato<br \/>\nEl Sedes contin\u00faa con el trabajo de seguimiento a los casos de sarampi\u00f3n reportados en el departamento. Un equipo de emergencia se traslad\u00f3 hasta el municipio de Pail\u00f3n, ya que se report\u00f3 que uno de los \u00faltimos casos positivos estuvo en ese lugar.<\/p>\n<p style=\"text-align: justify;\">El sarampi\u00f3n es una enfermedad viral altamente contagiosa causada por un virus, que puede ocasionar complicaciones graves. Es una enfermedad infecciosa exantem\u00e1tica, es decir, que produce lesiones en la piel.<\/p>\n<p style=\"text-align: justify;\">Sus principales s\u00edntomas son fiebre, tos, congesti\u00f3n nasal, conjuntivitis y una erupci\u00f3n cut\u00e1nea caracter\u00edstica. Se transmite a trav\u00e9s de secreciones de las v\u00edas respiratorias (tos, estornudos) de una persona infectada.<\/p>\n<p style=\"text-align: justify;\">Tiene complicaciones como la neumon\u00eda, encefalitis, sordera, ceguera en incluso llegar a la muerte.<\/p>\n<p style=\"text-align: justify;\">\n","protected":false},"excerpt":{"rendered":"<p>El Colegio M\u00e9dico de Santa Cruz advirti\u00f3 que ante la escalada de casos por sarampi\u00f3n en el departamento cruce\u00f1o se avecina un retorno a clases catastr\u00f3fico si no se toman otras medidas urgentes para paliar la propagaci\u00f3n. Como Santa Cruz ingres\u00f3 antes al receso pedag\u00f3gico debido al incremento de casos, los estudiantes debieran regresar a [&hellip;]<\/p>\n","protected":false},"author":2,"featured_media":6971,"comment_status":"closed","ping_status":"open","sticky":false,"template":"","format":"standard","meta":{"footnotes":""},"categories":[20],"tags":[],"class_list":{"0":"post-78319","1":"post","2":"type-post","3":"status-publish","4":"format-standard","5":"has-post-thumbnail","7":"category-actualidad"},"_links":{"self":[{"href":"https:\/\/jms.com.bo\/mediamonitor\/wp-json\/wp\/v2\/posts\/78319","targetHints":{"allow":["GET"]}}],"collection":[{"href":"https:\/\/jms.com.bo\/mediamonitor\/wp-json\/wp\/v2\/posts"}],"about":[{"href":"https:\/\/jms.com.bo\/mediamonitor\/wp-json\/wp\/v2\/types\/post"}],"author":[{"embeddable":true,"href":"https:\/\/jms.com.bo\/mediamonitor\/wp-json\/wp\/v2\/users\/2"}],"replies":[{"embeddable":true,"href":"https:\/\/jms.com.bo\/mediamonitor\/wp-json\/wp\/v2\/comments?post=78319"}],"version-history":[{"count":0,"href":"https:\/\/jms.com.bo\/mediamonitor\/wp-json\/wp\/v2\/posts\/78319\/revisions"}],"wp:featuredmedia":[{"embeddable":true,"href":"https:\/\/jms.com.bo\/mediamonitor\/wp-json\/wp\/v2\/media\/6971"}],"wp:attachment":[{"href":"https:\/\/jms.com.bo\/mediamonitor\/wp-json\/wp\/v2\/media?parent=78319"}],"wp:term":[{"taxonomy":"category","embeddable":true,"href":"https:\/\/jms.com.bo\/mediamonitor\/wp-json\/wp\/v2\/categories?post=78319"},{"taxonomy":"post_tag","embeddable":true,"href":"https:\/\/jms.com.bo\/mediamonitor\/wp-json\/wp\/v2\/tags?post=78319"}],"curies":[{"name":"wp","href":"https:\/\/api.w.org\/{rel}","templated":true}]}}